{"id":972,"date":"2020-11-05T19:51:30","date_gmt":"2020-11-05T18:51:30","guid":{"rendered":"http:\/\/afie-asso.fr\/?p=972"},"modified":"2020-12-09T22:14:24","modified_gmt":"2020-12-09T21:14:24","slug":"lafie-a-fait-remonter-au-ministere-les-problematiques-des-associations-et-gestionnaires-despaces-naturels-du-au-confinement","status":"publish","type":"post","link":"https:\/\/afie-asso.fr\/index.php\/2020\/11\/05\/lafie-a-fait-remonter-au-ministere-les-problematiques-des-associations-et-gestionnaires-despaces-naturels-du-au-confinement\/","title":{"rendered":"L\u2019AFIE a fait remonter au Minist\u00e8re les probl\u00e9matiques des associations et gestionnaires d&rsquo;espaces naturels dues au confinement"},"content":{"rendered":"\n<p>Poursuivant le tour des acteurs de la biodiversit\u00e9 pour s&rsquo;assurer de recueillir leurs difficult\u00e9s et besoins afin de trouver des solutions pendant cette nouvelle p\u00e9riode de <strong>confinement<\/strong>, Mme la Ministre B\u00e9rang\u00e8re Abba a r\u00e9uni le 05\/11\/2020 les <strong>acteurs associatifs<\/strong> et <strong>gestionnaires d&rsquo;espaces naturels<\/strong>.<\/p>\n\n\n\n<p>L\u2019<a href=\"https:\/\/www.linkedin.com\/company\/association-fran\u00e7aise-interprofessionnelle-des-ecologues\"><strong>AFIE<\/strong><\/a>, ainsi que de nombreux r\u00e9seaux comme l\u2019<a href=\"http:\/\/a-igeco.fr\/\">A-IGEco<\/a>, <a href=\"https:\/\/www.fne.asso.fr\/\">FNE<\/a>, la <a href=\"https:\/\/www.parcs-naturels-regionaux.fr\/\">FNPNR<\/a>, la <a href=\"https:\/\/reseau-cen.org\/\">FCEN<\/a>, &#8230;, ont ainsi pu relayer les besoins de leurs adh\u00e9rents et les transmettre au cabinet de la Ministre qui nous a \u00e9cout\u00e9s et s\u2019est engag\u00e9e \u00e0 apporter des solutions \u00e0 l\u2019aide ses \u00e9quipes.<\/p>\n\n\n\n<p>De nombreux sujets ont \u00e9t\u00e9 abord\u00e9s, et certaines r\u00e9ponses d\u2019ores et d\u00e9j\u00e0 apport\u00e9es. Ainsi la Ministre :<\/p>\n\n\n\n<ul class=\"wp-block-list\"><li>assure que des directives ont \u00e9t\u00e9 envoy\u00e9es aux pr\u00e9fets pour facilit\u00e9 la d\u00e9livrance des d\u00e9rogations afin de garantir la mise en \u0153uvre de l\u2019ensemble des <strong>suivis naturalistes<\/strong> men\u00e9s par des salari\u00e9s et des b\u00e9n\u00e9voles.<\/li><li>promet que tout sera fait pour que les <strong>subventions <\/strong>soient vers\u00e9es sans retard.<\/li><li>s&rsquo;engage a travailler sur le sujet de la redirection des subventions 2020 attribu\u00e9es \u00e0 des projets non men\u00e9s pour cause sanitaire, ou le fl\u00e9chage de nouvelles subventions vers budget de fonctionnement allou\u00e9s \u00e0 la <strong>transition num\u00e9rique<\/strong> (achat de mat\u00e9riel informatique et t\u00e9l\u00e9phonique individuels pour le travail \u00e0 distance par exemple).<\/li><li>comprend le besoin de souplesse dans les<strong> d\u00e9lais de r\u00e9alisation<\/strong> des \u00e9tudes et travaux, en particulier ceux men\u00e9s dans le cadre de projet subventionn\u00e9s par l&rsquo;OFB, les Life, les contrats N2000, etc&#8230; .<\/li><li>approuve le fait que la <strong>concertation <\/strong>dans des conditions de confinement est un des plus gros d\u00e9fis \u00e0 relever mais doit rester une priorit\u00e9 absolue pour les projets.<\/li><li>entend et a demand\u00e9 \u00e0 l&rsquo;A-IGEco plus d&rsquo;\u00e9l\u00e9ments sur la probl\u00e9matique des <strong>formations en \u00e9cologie<\/strong>, priv\u00e9es de sorties terrain et contraintes au cours en distanciel, avec des \u00e9tudiants en recherche de structures pour leurs stages et alternances.<\/li><li>Souscrit compl\u00e8tement \u00e0 la n\u00e9cessaire continuit\u00e9 des missions de <strong>police <\/strong>et de <strong>surveillance <\/strong>contre les atteintes \u00e0 l&rsquo;environnement et a d\u00e9j\u00e0 donn\u00e9 des directives pour que ces derni\u00e8res soient poursuivies sur le terrain.<\/li><\/ul>\n\n\n\n<p>Merci \u00e0 tous les adh\u00e9rents qui se sont mobilis\u00e9s dans des d\u00e9lais tr\u00e8s brefs pour contribuer \u00e0 ce travail !!<\/p>\n\n\n\n<p>La <a href=\"https:\/\/afie-asso.fr\/wp-content\/uploads\/2020\/12\/Reponse_Pbiques_Covid_acteur-biodiv_AFIE_20201104.pdf\">synth\u00e8se des remont\u00e9es des membres AFIE<\/a> ainsi que le <a href=\"https:\/\/afie-asso.fr\/wp-content\/uploads\/2020\/12\/CR-reunion-COVID_MTE_Associations_20201105.pdf\">compte-rendu de la r\u00e9union<\/a> r\u00e9dig\u00e9 par le MTE sont disponibles dans les ressources documentaires. Vous y trouverez \u00e9galement les circulaires adress\u00e9es aux Pr\u00e9fets pour les <a href=\"https:\/\/afie-asso.fr\/wp-content\/uploads\/2020\/12\/Note-aux-prefets-de-departements-confinement-flore-faune-sauvages.pdf\">inventaires naturalistes<\/a>, la <a href=\"https:\/\/afie-asso.fr\/wp-content\/uploads\/2020\/12\/Note-aux-prefets-confinement-peche-en-eau-douce.pdf\">p\u00eache<\/a>, les <a href=\"https:\/\/afie-asso.fr\/wp-content\/uploads\/2020\/12\/Note-aux-prefets-de-region-confinement-centre-de-soins-faune-sauvage....pdf\">centres de soins \u00e0 la faune sauvage<\/a>.<\/p>\n","protected":false},"excerpt":{"rendered":"<p>Poursuivant le tour des acteurs de la biodiversit\u00e9 pour s&rsquo;assurer de recueillir leurs difficult\u00e9s et besoins afin de trouver des solutions pendant cette nouvelle p\u00e9riode de confinement, Mme la Ministre B\u00e9rang\u00e8re Abba a r\u00e9uni le 05\/11\/2020 les acteurs associatifs et gestionnaires d&rsquo;espaces naturels. L\u2019AFIE, ainsi que de nombreux r\u00e9seaux comme l\u2019A-IGEco, FNE, la FNPNR, la [&hellip;]<\/p>\n","protected":false},"author":6,"featured_media":968,"comment_status":"open","ping_status":"open","sticky":false,"template":"","format":"standard","meta":{"footnotes":""},"categories":[20],"tags":[],"class_list":["post-972","post","type-post","status-publish","format-standard","has-post-thumbnail","hentry","category-afie_y_etait"],"yoast_head":"<!-- This site is optimized with the Yoast SEO plugin v27.4 - https:\/\/yoast.com\/product\/yoast-seo-wordpress\/ -->\n<title>L\u2019AFIE a fait remonter au Minist\u00e8re les probl\u00e9matiques des associations et gestionnaires d&#039;espaces naturels dues au confinement - AFIE<\/title>\n<meta name=\"robots\" content=\"index, follow, max-snippet:-1, max-image-preview:large, max-video-preview:-1\" \/>\n<link rel=\"canonical\" href=\"https:\/\/afie-asso.fr\/index.php\/2020\/11\/05\/lafie-a-fait-remonter-au-ministere-les-problematiques-des-associations-et-gestionnaires-despaces-naturels-du-au-confinement\/\" \/>\n<meta property=\"og:locale\" content=\"fr_FR\" \/>\n<meta property=\"og:type\" content=\"article\" \/>\n<meta property=\"og:title\" content=\"L\u2019AFIE a fait remonter au Minist\u00e8re les probl\u00e9matiques des associations et gestionnaires d&#039;espaces naturels dues au confinement - AFIE\" \/>\n<meta property=\"og:description\" content=\"Poursuivant le tour des acteurs de la biodiversit\u00e9 pour s&rsquo;assurer de recueillir leurs difficult\u00e9s et besoins afin de trouver des solutions pendant cette nouvelle p\u00e9riode de confinement, Mme la Ministre B\u00e9rang\u00e8re Abba a r\u00e9uni le 05\/11\/2020 les acteurs associatifs et gestionnaires d&rsquo;espaces naturels. L\u2019AFIE, ainsi que de nombreux r\u00e9seaux comme l\u2019A-IGEco, FNE, la FNPNR, la [&hellip;]\" \/>\n<meta property=\"og:url\" content=\"https:\/\/afie-asso.fr\/index.php\/2020\/11\/05\/lafie-a-fait-remonter-au-ministere-les-problematiques-des-associations-et-gestionnaires-despaces-naturels-du-au-confinement\/\" \/>\n<meta property=\"og:site_name\" content=\"AFIE\" \/>\n<meta property=\"article:published_time\" content=\"2020-11-05T18:51:30+00:00\" \/>\n<meta property=\"article:modified_time\" content=\"2020-12-09T21:14:24+00:00\" \/>\n<meta property=\"og:image\" content=\"https:\/\/afie-asso.fr\/wp-content\/uploads\/2020\/11\/MTE-logo.png\" \/>\n\t<meta property=\"og:image:width\" content=\"267\" \/>\n\t<meta property=\"og:image:height\" content=\"189\" \/>\n\t<meta property=\"og:image:type\" content=\"image\/png\" \/>\n<meta name=\"author\" content=\"Blanche GOMEZ\" \/>\n<meta name=\"twitter:card\" content=\"summary_large_image\" \/>\n<meta name=\"twitter:label1\" content=\"\u00c9crit par\" \/>\n\t<meta name=\"twitter:data1\" content=\"Blanche GOMEZ\" \/>\n\t<meta name=\"twitter:label2\" content=\"Dur\u00e9e de lecture estim\u00e9e\" \/>\n\t<meta name=\"twitter:data2\" content=\"2 minutes\" \/>\n<script type=\"application\/ld+json\" class=\"yoast-schema-graph\">{\"@context\":\"https:\\\/\\\/schema.org\",\"@graph\":[{\"@type\":\"Article\",\"@id\":\"https:\\\/\\\/afie-asso.fr\\\/index.php\\\/2020\\\/11\\\/05\\\/lafie-a-fait-remonter-au-ministere-les-problematiques-des-associations-et-gestionnaires-despaces-naturels-du-au-confinement\\\/#article\",\"isPartOf\":{\"@id\":\"https:\\\/\\\/afie-asso.fr\\\/index.php\\\/2020\\\/11\\\/05\\\/lafie-a-fait-remonter-au-ministere-les-problematiques-des-associations-et-gestionnaires-despaces-naturels-du-au-confinement\\\/\"},\"author\":{\"name\":\"Blanche GOMEZ\",\"@id\":\"https:\\\/\\\/afie-asso.fr\\\/#\\\/schema\\\/person\\\/b891fe5a7e475c1b01891fe6258c6dd4\"},\"headline\":\"L\u2019AFIE a fait remonter au Minist\u00e8re les probl\u00e9matiques des associations et gestionnaires d&rsquo;espaces naturels dues au confinement\",\"datePublished\":\"2020-11-05T18:51:30+00:00\",\"dateModified\":\"2020-12-09T21:14:24+00:00\",\"mainEntityOfPage\":{\"@id\":\"https:\\\/\\\/afie-asso.fr\\\/index.php\\\/2020\\\/11\\\/05\\\/lafie-a-fait-remonter-au-ministere-les-problematiques-des-associations-et-gestionnaires-despaces-naturels-du-au-confinement\\\/\"},\"wordCount\":470,\"commentCount\":0,\"publisher\":{\"@id\":\"https:\\\/\\\/afie-asso.fr\\\/#organization\"},\"image\":{\"@id\":\"https:\\\/\\\/afie-asso.fr\\\/index.php\\\/2020\\\/11\\\/05\\\/lafie-a-fait-remonter-au-ministere-les-problematiques-des-associations-et-gestionnaires-despaces-naturels-du-au-confinement\\\/#primaryimage\"},\"thumbnailUrl\":\"https:\\\/\\\/afie-asso.fr\\\/wp-content\\\/uploads\\\/2020\\\/11\\\/MTE-logo.png\",\"articleSection\":[\"AFIE_y_etait\"],\"inLanguage\":\"fr-FR\",\"potentialAction\":[{\"@type\":\"CommentAction\",\"name\":\"Comment\",\"target\":[\"https:\\\/\\\/afie-asso.fr\\\/index.php\\\/2020\\\/11\\\/05\\\/lafie-a-fait-remonter-au-ministere-les-problematiques-des-associations-et-gestionnaires-despaces-naturels-du-au-confinement\\\/#respond\"]}]},{\"@type\":\"WebPage\",\"@id\":\"https:\\\/\\\/afie-asso.fr\\\/index.php\\\/2020\\\/11\\\/05\\\/lafie-a-fait-remonter-au-ministere-les-problematiques-des-associations-et-gestionnaires-despaces-naturels-du-au-confinement\\\/\",\"url\":\"https:\\\/\\\/afie-asso.fr\\\/index.php\\\/2020\\\/11\\\/05\\\/lafie-a-fait-remonter-au-ministere-les-problematiques-des-associations-et-gestionnaires-despaces-naturels-du-au-confinement\\\/\",\"name\":\"L\u2019AFIE a fait remonter au Minist\u00e8re les probl\u00e9matiques des associations et gestionnaires d'espaces naturels dues au confinement - AFIE\",\"isPartOf\":{\"@id\":\"https:\\\/\\\/afie-asso.fr\\\/#website\"},\"primaryImageOfPage\":{\"@id\":\"https:\\\/\\\/afie-asso.fr\\\/index.php\\\/2020\\\/11\\\/05\\\/lafie-a-fait-remonter-au-ministere-les-problematiques-des-associations-et-gestionnaires-despaces-naturels-du-au-confinement\\\/#primaryimage\"},\"image\":{\"@id\":\"https:\\\/\\\/afie-asso.fr\\\/index.php\\\/2020\\\/11\\\/05\\\/lafie-a-fait-remonter-au-ministere-les-problematiques-des-associations-et-gestionnaires-despaces-naturels-du-au-confinement\\\/#primaryimage\"},\"thumbnailUrl\":\"https:\\\/\\\/afie-asso.fr\\\/wp-content\\\/uploads\\\/2020\\\/11\\\/MTE-logo.png\",\"datePublished\":\"2020-11-05T18:51:30+00:00\",\"dateModified\":\"2020-12-09T21:14:24+00:00\",\"breadcrumb\":{\"@id\":\"https:\\\/\\\/afie-asso.fr\\\/index.php\\\/2020\\\/11\\\/05\\\/lafie-a-fait-remonter-au-ministere-les-problematiques-des-associations-et-gestionnaires-despaces-naturels-du-au-confinement\\\/#breadcrumb\"},\"inLanguage\":\"fr-FR\",\"potentialAction\":[{\"@type\":\"ReadAction\",\"target\":[\"https:\\\/\\\/afie-asso.fr\\\/index.php\\\/2020\\\/11\\\/05\\\/lafie-a-fait-remonter-au-ministere-les-problematiques-des-associations-et-gestionnaires-despaces-naturels-du-au-confinement\\\/\"]}]},{\"@type\":\"ImageObject\",\"inLanguage\":\"fr-FR\",\"@id\":\"https:\\\/\\\/afie-asso.fr\\\/index.php\\\/2020\\\/11\\\/05\\\/lafie-a-fait-remonter-au-ministere-les-problematiques-des-associations-et-gestionnaires-despaces-naturels-du-au-confinement\\\/#primaryimage\",\"url\":\"https:\\\/\\\/afie-asso.fr\\\/wp-content\\\/uploads\\\/2020\\\/11\\\/MTE-logo.png\",\"contentUrl\":\"https:\\\/\\\/afie-asso.fr\\\/wp-content\\\/uploads\\\/2020\\\/11\\\/MTE-logo.png\",\"width\":267,\"height\":189},{\"@type\":\"BreadcrumbList\",\"@id\":\"https:\\\/\\\/afie-asso.fr\\\/index.php\\\/2020\\\/11\\\/05\\\/lafie-a-fait-remonter-au-ministere-les-problematiques-des-associations-et-gestionnaires-despaces-naturels-du-au-confinement\\\/#breadcrumb\",\"itemListElement\":[{\"@type\":\"ListItem\",\"position\":1,\"name\":\"Accueil\",\"item\":\"https:\\\/\\\/afie-asso.fr\\\/\"},{\"@type\":\"ListItem\",\"position\":2,\"name\":\"L\u2019AFIE a fait remonter au Minist\u00e8re les probl\u00e9matiques des associations et gestionnaires d&rsquo;espaces naturels dues au confinement\"}]},{\"@type\":\"WebSite\",\"@id\":\"https:\\\/\\\/afie-asso.fr\\\/#website\",\"url\":\"https:\\\/\\\/afie-asso.fr\\\/\",\"name\":\"AFIE\",\"description\":\"Association Fran\u00e7aise Interprofessionnelle des Ecologues\",\"publisher\":{\"@id\":\"https:\\\/\\\/afie-asso.fr\\\/#organization\"},\"potentialAction\":[{\"@type\":\"SearchAction\",\"target\":{\"@type\":\"EntryPoint\",\"urlTemplate\":\"https:\\\/\\\/afie-asso.fr\\\/?s={search_term_string}\"},\"query-input\":{\"@type\":\"PropertyValueSpecification\",\"valueRequired\":true,\"valueName\":\"search_term_string\"}}],\"inLanguage\":\"fr-FR\"},{\"@type\":\"Organization\",\"@id\":\"https:\\\/\\\/afie-asso.fr\\\/#organization\",\"name\":\"AFIE\",\"url\":\"https:\\\/\\\/afie-asso.fr\\\/\",\"logo\":{\"@type\":\"ImageObject\",\"inLanguage\":\"fr-FR\",\"@id\":\"https:\\\/\\\/afie-asso.fr\\\/#\\\/schema\\\/logo\\\/image\\\/\",\"url\":\"https:\\\/\\\/afie-asso.fr\\\/wp-content\\\/uploads\\\/2019\\\/05\\\/cropped-logo-AFIE-3.png\",\"contentUrl\":\"https:\\\/\\\/afie-asso.fr\\\/wp-content\\\/uploads\\\/2019\\\/05\\\/cropped-logo-AFIE-3.png\",\"width\":555,\"height\":459,\"caption\":\"AFIE\"},\"image\":{\"@id\":\"https:\\\/\\\/afie-asso.fr\\\/#\\\/schema\\\/logo\\\/image\\\/\"}},{\"@type\":\"Person\",\"@id\":\"https:\\\/\\\/afie-asso.fr\\\/#\\\/schema\\\/person\\\/b891fe5a7e475c1b01891fe6258c6dd4\",\"name\":\"Blanche GOMEZ\",\"image\":{\"@type\":\"ImageObject\",\"inLanguage\":\"fr-FR\",\"@id\":\"https:\\\/\\\/secure.gravatar.com\\\/avatar\\\/81075a8dc599a0b3da912d1722483ef9016b733634880c59ae6ed38bdfb6c0c8?s=96&d=mm&r=g\",\"url\":\"https:\\\/\\\/secure.gravatar.com\\\/avatar\\\/81075a8dc599a0b3da912d1722483ef9016b733634880c59ae6ed38bdfb6c0c8?s=96&d=mm&r=g\",\"contentUrl\":\"https:\\\/\\\/secure.gravatar.com\\\/avatar\\\/81075a8dc599a0b3da912d1722483ef9016b733634880c59ae6ed38bdfb6c0c8?s=96&d=mm&r=g\",\"caption\":\"Blanche GOMEZ\"},\"url\":\"https:\\\/\\\/afie-asso.fr\\\/index.php\\\/author\\\/blanche\\\/\"}]}<\/script>\n<!-- \/ Yoast SEO plugin. -->","yoast_head_json":{"title":"L\u2019AFIE a fait remonter au Minist\u00e8re les probl\u00e9matiques des associations et gestionnaires d'espaces naturels dues au confinement - AFIE","robots":{"index":"index","follow":"follow","max-snippet":"max-snippet:-1","max-image-preview":"max-image-preview:large","max-video-preview":"max-video-preview:-1"},"canonical":"https:\/\/afie-asso.fr\/index.php\/2020\/11\/05\/lafie-a-fait-remonter-au-ministere-les-problematiques-des-associations-et-gestionnaires-despaces-naturels-du-au-confinement\/","og_locale":"fr_FR","og_type":"article","og_title":"L\u2019AFIE a fait remonter au Minist\u00e8re les probl\u00e9matiques des associations et gestionnaires d'espaces naturels dues au confinement - AFIE","og_description":"Poursuivant le tour des acteurs de la biodiversit\u00e9 pour s&rsquo;assurer de recueillir leurs difficult\u00e9s et besoins afin de trouver des solutions pendant cette nouvelle p\u00e9riode de confinement, Mme la Ministre B\u00e9rang\u00e8re Abba a r\u00e9uni le 05\/11\/2020 les acteurs associatifs et gestionnaires d&rsquo;espaces naturels. L\u2019AFIE, ainsi que de nombreux r\u00e9seaux comme l\u2019A-IGEco, FNE, la FNPNR, la [&hellip;]","og_url":"https:\/\/afie-asso.fr\/index.php\/2020\/11\/05\/lafie-a-fait-remonter-au-ministere-les-problematiques-des-associations-et-gestionnaires-despaces-naturels-du-au-confinement\/","og_site_name":"AFIE","article_published_time":"2020-11-05T18:51:30+00:00","article_modified_time":"2020-12-09T21:14:24+00:00","og_image":[{"width":267,"height":189,"url":"https:\/\/afie-asso.fr\/wp-content\/uploads\/2020\/11\/MTE-logo.png","type":"image\/png"}],"author":"Blanche GOMEZ","twitter_card":"summary_large_image","twitter_misc":{"\u00c9crit par":"Blanche GOMEZ","Dur\u00e9e de lecture estim\u00e9e":"2 minutes"},"schema":{"@context":"https:\/\/schema.org","@graph":[{"@type":"Article","@id":"https:\/\/afie-asso.fr\/index.php\/2020\/11\/05\/lafie-a-fait-remonter-au-ministere-les-problematiques-des-associations-et-gestionnaires-despaces-naturels-du-au-confinement\/#article","isPartOf":{"@id":"https:\/\/afie-asso.fr\/index.php\/2020\/11\/05\/lafie-a-fait-remonter-au-ministere-les-problematiques-des-associations-et-gestionnaires-despaces-naturels-du-au-confinement\/"},"author":{"name":"Blanche GOMEZ","@id":"https:\/\/afie-asso.fr\/#\/schema\/person\/b891fe5a7e475c1b01891fe6258c6dd4"},"headline":"L\u2019AFIE a fait remonter au Minist\u00e8re les probl\u00e9matiques des associations et gestionnaires d&rsquo;espaces naturels dues au confinement","datePublished":"2020-11-05T18:51:30+00:00","dateModified":"2020-12-09T21:14:24+00:00","mainEntityOfPage":{"@id":"https:\/\/afie-asso.fr\/index.php\/2020\/11\/05\/lafie-a-fait-remonter-au-ministere-les-problematiques-des-associations-et-gestionnaires-despaces-naturels-du-au-confinement\/"},"wordCount":470,"commentCount":0,"publisher":{"@id":"https:\/\/afie-asso.fr\/#organization"},"image":{"@id":"https:\/\/afie-asso.fr\/index.php\/2020\/11\/05\/lafie-a-fait-remonter-au-ministere-les-problematiques-des-associations-et-gestionnaires-despaces-naturels-du-au-confinement\/#primaryimage"},"thumbnailUrl":"https:\/\/afie-asso.fr\/wp-content\/uploads\/2020\/11\/MTE-logo.png","articleSection":["AFIE_y_etait"],"inLanguage":"fr-FR","potentialAction":[{"@type":"CommentAction","name":"Comment","target":["https:\/\/afie-asso.fr\/index.php\/2020\/11\/05\/lafie-a-fait-remonter-au-ministere-les-problematiques-des-associations-et-gestionnaires-despaces-naturels-du-au-confinement\/#respond"]}]},{"@type":"WebPage","@id":"https:\/\/afie-asso.fr\/index.php\/2020\/11\/05\/lafie-a-fait-remonter-au-ministere-les-problematiques-des-associations-et-gestionnaires-despaces-naturels-du-au-confinement\/","url":"https:\/\/afie-asso.fr\/index.php\/2020\/11\/05\/lafie-a-fait-remonter-au-ministere-les-problematiques-des-associations-et-gestionnaires-despaces-naturels-du-au-confinement\/","name":"L\u2019AFIE a fait remonter au Minist\u00e8re les probl\u00e9matiques des associations et gestionnaires d'espaces naturels dues au confinement - AFIE","isPartOf":{"@id":"https:\/\/afie-asso.fr\/#website"},"primaryImageOfPage":{"@id":"https:\/\/afie-asso.fr\/index.php\/2020\/11\/05\/lafie-a-fait-remonter-au-ministere-les-problematiques-des-associations-et-gestionnaires-despaces-naturels-du-au-confinement\/#primaryimage"},"image":{"@id":"https:\/\/afie-asso.fr\/index.php\/2020\/11\/05\/lafie-a-fait-remonter-au-ministere-les-problematiques-des-associations-et-gestionnaires-despaces-naturels-du-au-confinement\/#primaryimage"},"thumbnailUrl":"https:\/\/afie-asso.fr\/wp-content\/uploads\/2020\/11\/MTE-logo.png","datePublished":"2020-11-05T18:51:30+00:00","dateModified":"2020-12-09T21:14:24+00:00","breadcrumb":{"@id":"https:\/\/afie-asso.fr\/index.php\/2020\/11\/05\/lafie-a-fait-remonter-au-ministere-les-problematiques-des-associations-et-gestionnaires-despaces-naturels-du-au-confinement\/#breadcrumb"},"inLanguage":"fr-FR","potentialAction":[{"@type":"ReadAction","target":["https:\/\/afie-asso.fr\/index.php\/2020\/11\/05\/lafie-a-fait-remonter-au-ministere-les-problematiques-des-associations-et-gestionnaires-despaces-naturels-du-au-confinement\/"]}]},{"@type":"ImageObject","inLanguage":"fr-FR","@id":"https:\/\/afie-asso.fr\/index.php\/2020\/11\/05\/lafie-a-fait-remonter-au-ministere-les-problematiques-des-associations-et-gestionnaires-despaces-naturels-du-au-confinement\/#primaryimage","url":"https:\/\/afie-asso.fr\/wp-content\/uploads\/2020\/11\/MTE-logo.png","contentUrl":"https:\/\/afie-asso.fr\/wp-content\/uploads\/2020\/11\/MTE-logo.png","width":267,"height":189},{"@type":"BreadcrumbList","@id":"https:\/\/afie-asso.fr\/index.php\/2020\/11\/05\/lafie-a-fait-remonter-au-ministere-les-problematiques-des-associations-et-gestionnaires-despaces-naturels-du-au-confinement\/#breadcrumb","itemListElement":[{"@type":"ListItem","position":1,"name":"Accueil","item":"https:\/\/afie-asso.fr\/"},{"@type":"ListItem","position":2,"name":"L\u2019AFIE a fait remonter au Minist\u00e8re les probl\u00e9matiques des associations et gestionnaires d&rsquo;espaces naturels dues au confinement"}]},{"@type":"WebSite","@id":"https:\/\/afie-asso.fr\/#website","url":"https:\/\/afie-asso.fr\/","name":"AFIE","description":"Association Fran\u00e7aise Interprofessionnelle des Ecologues","publisher":{"@id":"https:\/\/afie-asso.fr\/#organization"},"potentialAction":[{"@type":"SearchAction","target":{"@type":"EntryPoint","urlTemplate":"https:\/\/afie-asso.fr\/?s={search_term_string}"},"query-input":{"@type":"PropertyValueSpecification","valueRequired":true,"valueName":"search_term_string"}}],"inLanguage":"fr-FR"},{"@type":"Organization","@id":"https:\/\/afie-asso.fr\/#organization","name":"AFIE","url":"https:\/\/afie-asso.fr\/","logo":{"@type":"ImageObject","inLanguage":"fr-FR","@id":"https:\/\/afie-asso.fr\/#\/schema\/logo\/image\/","url":"https:\/\/afie-asso.fr\/wp-content\/uploads\/2019\/05\/cropped-logo-AFIE-3.png","contentUrl":"https:\/\/afie-asso.fr\/wp-content\/uploads\/2019\/05\/cropped-logo-AFIE-3.png","width":555,"height":459,"caption":"AFIE"},"image":{"@id":"https:\/\/afie-asso.fr\/#\/schema\/logo\/image\/"}},{"@type":"Person","@id":"https:\/\/afie-asso.fr\/#\/schema\/person\/b891fe5a7e475c1b01891fe6258c6dd4","name":"Blanche GOMEZ","image":{"@type":"ImageObject","inLanguage":"fr-FR","@id":"https:\/\/secure.gravatar.com\/avatar\/81075a8dc599a0b3da912d1722483ef9016b733634880c59ae6ed38bdfb6c0c8?s=96&d=mm&r=g","url":"https:\/\/secure.gravatar.com\/avatar\/81075a8dc599a0b3da912d1722483ef9016b733634880c59ae6ed38bdfb6c0c8?s=96&d=mm&r=g","contentUrl":"https:\/\/secure.gravatar.com\/avatar\/81075a8dc599a0b3da912d1722483ef9016b733634880c59ae6ed38bdfb6c0c8?s=96&d=mm&r=g","caption":"Blanche GOMEZ"},"url":"https:\/\/afie-asso.fr\/index.php\/author\/blanche\/"}]}},"rttpg_featured_image_url":{"full":["https:\/\/afie-asso.fr\/wp-content\/uploads\/2020\/11\/MTE-logo.png",267,189,false],"landscape":["https:\/\/afie-asso.fr\/wp-content\/uploads\/2020\/11\/MTE-logo.png",267,189,false],"portraits":["https:\/\/afie-asso.fr\/wp-content\/uploads\/2020\/11\/MTE-logo.png",267,189,false],"thumbnail":["https:\/\/afie-asso.fr\/wp-content\/uploads\/2020\/11\/MTE-logo-150x150.png",150,150,true],"medium":["https:\/\/afie-asso.fr\/wp-content\/uploads\/2020\/11\/MTE-logo.png",267,189,false],"large":["https:\/\/afie-asso.fr\/wp-content\/uploads\/2020\/11\/MTE-logo.png",267,189,false],"1536x1536":["https:\/\/afie-asso.fr\/wp-content\/uploads\/2020\/11\/MTE-logo.png",267,189,false],"2048x2048":["https:\/\/afie-asso.fr\/wp-content\/uploads\/2020\/11\/MTE-logo.png",267,189,false]},"rttpg_author":{"display_name":"Blanche GOMEZ","author_link":"https:\/\/afie-asso.fr\/index.php\/author\/blanche\/"},"rttpg_comment":1,"rttpg_category":"<a href=\"https:\/\/afie-asso.fr\/index.php\/category\/afie_y_etait\/\" rel=\"category tag\">AFIE_y_etait<\/a>","rttpg_excerpt":"Poursuivant le tour des acteurs de la biodiversit\u00e9 pour s&rsquo;assurer de recueillir leurs difficult\u00e9s et besoins afin de trouver des solutions pendant cette nouvelle p\u00e9riode de confinement, Mme la Ministre B\u00e9rang\u00e8re Abba a r\u00e9uni le 05\/11\/2020 les acteurs associatifs et gestionnaires d&rsquo;espaces naturels. L\u2019AFIE, ainsi que de nombreux r\u00e9seaux comme l\u2019A-IGEco, FNE, la FNPNR, la\u2026","_links":{"self":[{"href":"https:\/\/afie-asso.fr\/index.php\/wp-json\/wp\/v2\/posts\/972","targetHints":{"allow":["GET"]}}],"collection":[{"href":"https:\/\/afie-asso.fr\/index.php\/wp-json\/wp\/v2\/posts"}],"about":[{"href":"https:\/\/afie-asso.fr\/index.php\/wp-json\/wp\/v2\/types\/post"}],"author":[{"embeddable":true,"href":"https:\/\/afie-asso.fr\/index.php\/wp-json\/wp\/v2\/users\/6"}],"replies":[{"embeddable":true,"href":"https:\/\/afie-asso.fr\/index.php\/wp-json\/wp\/v2\/comments?post=972"}],"version-history":[{"count":13,"href":"https:\/\/afie-asso.fr\/index.php\/wp-json\/wp\/v2\/posts\/972\/revisions"}],"predecessor-version":[{"id":1026,"href":"https:\/\/afie-asso.fr\/index.php\/wp-json\/wp\/v2\/posts\/972\/revisions\/1026"}],"wp:featuredmedia":[{"embeddable":true,"href":"https:\/\/afie-asso.fr\/index.php\/wp-json\/wp\/v2\/media\/968"}],"wp:attachment":[{"href":"https:\/\/afie-asso.fr\/index.php\/wp-json\/wp\/v2\/media?parent=972"}],"wp:term":[{"taxonomy":"category","embeddable":true,"href":"https:\/\/afie-asso.fr\/index.php\/wp-json\/wp\/v2\/categories?post=972"},{"taxonomy":"post_tag","embeddable":true,"href":"https:\/\/afie-asso.fr\/index.php\/wp-json\/wp\/v2\/tags?post=972"}],"curies":[{"name":"wp","href":"https:\/\/api.w.org\/{rel}","templated":true}]}}