{"id":967,"date":"2020-11-03T18:46:21","date_gmt":"2020-11-03T17:46:21","guid":{"rendered":"http:\/\/afie-asso.fr\/?p=967"},"modified":"2020-12-09T21:24:48","modified_gmt":"2020-12-09T20:24:48","slug":"lafie-travaille-avec-le-ministere-pour-maintenir-les-projets-et-les-entreprises-pendant-le-confinement","status":"publish","type":"post","link":"https:\/\/afie-asso.fr\/index.php\/2020\/11\/03\/lafie-travaille-avec-le-ministere-pour-maintenir-les-projets-et-les-entreprises-pendant-le-confinement\/","title":{"rendered":"L\u2019AFIE travaille avec le Minist\u00e8re pour maintenir les projets et les entreprises pendant le confinement"},"content":{"rendered":"\n<p>Mme la Ministre B\u00e9rang\u00e8re Abba a r\u00e9uni le 03\/11\/2020 une partie des repr\u00e9sentants des \u00ab\u00a0<strong>entreprises<\/strong>\u00a0\u00bb travaillant \u00e0 la pr\u00e9servation de la biodiversit\u00e9 pour discuter des <strong>probl\u00e9matiques li\u00e9es au reconfinement<\/strong>, afin de faire remonter les difficult\u00e9s des ces acteurs.<\/p>\n\n\n\n<p>L&rsquo;<a href=\"https:\/\/www.linkedin.com\/company\/association-fran\u00e7aise-interprofessionnelle-des-ecologues\"><strong>AFIE<\/strong><\/a>, ainsi que d&rsquo;autres r\u00e9seaux comme l&rsquo;<a href=\"http:\/\/a-igeco.fr\/\">A-IGEco<\/a>, a ainsi pu relayer les besoins de ses adh\u00e9rents et les transmettre au cabinet de la Ministre qui a entendu, pris note et s&rsquo;est engag\u00e9e \u00e0 apporter des solutions \u00e0 l&rsquo;aide ses \u00e9quipes.<\/p>\n\n\n\n<p>De nombreux sujets ont \u00e9t\u00e9 abord\u00e9s, et certaines r\u00e9ponses d&rsquo;ores et d\u00e9j\u00e0 apport\u00e9es. Ainsi la Ministre : <\/p>\n\n\n\n<ul class=\"wp-block-list\"><li>assure que les<strong> terrains naturalistes<\/strong> pourront continuer gr\u00e2ce \u00e0 des d\u00e9rogations.<\/li><li>est consciente des probl\u00e9matiques de <strong>d\u00e9lais de paiement<\/strong> des op\u00e9rateurs publics et veille \u00e0 leur respect pour ne pas mettre en danger les petites structures.<\/li><li>entend la difficult\u00e9 \u00e0 se projeter et donc \u00e0 <strong>embaucher <\/strong>sur des contrats long-terme.<\/li><li>approuve le fait que la <strong>concertation <\/strong>dans des conditions de confinement est un des plus gros d\u00e9fis \u00e0 relever mais doit rester une priorit\u00e9 absolue pour les projets.<\/li><li>insiste sur le besoin pour tous de se saisir de l&rsquo;outil \u00ab\u00a0<strong>plan de relance<\/strong>\u00ab\u00a0, en demandant aux acteurs d&rsquo;\u00eatre mobilis\u00e9s et r\u00e9actifs, avec des projets m\u00fbrs et bien ficel\u00e9s, de mani\u00e8re \u00e0 \u00eatre les premiers \u00e0 b\u00e9n\u00e9ficier des budgets allou\u00e9s !<\/li><\/ul>\n\n\n\n<p>Merci \u00e0 tous les adh\u00e9rents qui se sont mobilis\u00e9s dans des d\u00e9lais tr\u00e8s brefs pour contribuer \u00e0 ce travail !!<\/p>\n\n\n\n<p>La <a href=\"https:\/\/afie-asso.fr\/wp-content\/uploads\/2020\/12\/Reponse_Pbiques_Covid_acteur-biodiv_AFIE_20201104.pdf\">synth\u00e8se des remont\u00e9es des membres AFIE<\/a> est disponible dans les ressources documentaires.<\/p>\n","protected":false},"excerpt":{"rendered":"<p>Mme la Ministre B\u00e9rang\u00e8re Abba a r\u00e9uni le 03\/11\/2020 une partie des repr\u00e9sentants des \u00ab\u00a0entreprises\u00a0\u00bb travaillant \u00e0 la pr\u00e9servation de la biodiversit\u00e9 pour discuter des probl\u00e9matiques li\u00e9es au reconfinement, afin de faire remonter les difficult\u00e9s des ces acteurs. L&rsquo;AFIE, ainsi que d&rsquo;autres r\u00e9seaux comme l&rsquo;A-IGEco, a ainsi pu relayer les besoins de ses adh\u00e9rents et [&hellip;]<\/p>\n","protected":false},"author":6,"featured_media":968,"comment_status":"open","ping_status":"open","sticky":false,"template":"","format":"standard","meta":{"footnotes":""},"categories":[20],"tags":[],"class_list":["post-967","post","type-post","status-publish","format-standard","has-post-thumbnail","hentry","category-afie_y_etait"],"yoast_head":"<!-- This site is optimized with the Yoast SEO plugin v27.4 - https:\/\/yoast.com\/product\/yoast-seo-wordpress\/ -->\n<title>L\u2019AFIE travaille avec le Minist\u00e8re pour maintenir les projets et les entreprises pendant le confinement - AFIE<\/title>\n<meta name=\"robots\" content=\"index, follow, max-snippet:-1, max-image-preview:large, max-video-preview:-1\" \/>\n<link rel=\"canonical\" href=\"https:\/\/afie-asso.fr\/index.php\/2020\/11\/03\/lafie-travaille-avec-le-ministere-pour-maintenir-les-projets-et-les-entreprises-pendant-le-confinement\/\" \/>\n<meta property=\"og:locale\" content=\"fr_FR\" \/>\n<meta property=\"og:type\" content=\"article\" \/>\n<meta property=\"og:title\" content=\"L\u2019AFIE travaille avec le Minist\u00e8re pour maintenir les projets et les entreprises pendant le confinement - AFIE\" \/>\n<meta property=\"og:description\" content=\"Mme la Ministre B\u00e9rang\u00e8re Abba a r\u00e9uni le 03\/11\/2020 une partie des repr\u00e9sentants des \u00ab\u00a0entreprises\u00a0\u00bb travaillant \u00e0 la pr\u00e9servation de la biodiversit\u00e9 pour discuter des probl\u00e9matiques li\u00e9es au reconfinement, afin de faire remonter les difficult\u00e9s des ces acteurs. L&rsquo;AFIE, ainsi que d&rsquo;autres r\u00e9seaux comme l&rsquo;A-IGEco, a ainsi pu relayer les besoins de ses adh\u00e9rents et [&hellip;]\" \/>\n<meta property=\"og:url\" content=\"https:\/\/afie-asso.fr\/index.php\/2020\/11\/03\/lafie-travaille-avec-le-ministere-pour-maintenir-les-projets-et-les-entreprises-pendant-le-confinement\/\" \/>\n<meta property=\"og:site_name\" content=\"AFIE\" \/>\n<meta property=\"article:published_time\" content=\"2020-11-03T17:46:21+00:00\" \/>\n<meta property=\"article:modified_time\" content=\"2020-12-09T20:24:48+00:00\" \/>\n<meta property=\"og:image\" content=\"https:\/\/afie-asso.fr\/wp-content\/uploads\/2020\/11\/MTE-logo.png\" \/>\n\t<meta property=\"og:image:width\" content=\"267\" \/>\n\t<meta property=\"og:image:height\" content=\"189\" \/>\n\t<meta property=\"og:image:type\" content=\"image\/png\" \/>\n<meta name=\"author\" content=\"Blanche GOMEZ\" \/>\n<meta name=\"twitter:card\" content=\"summary_large_image\" \/>\n<meta name=\"twitter:label1\" content=\"\u00c9crit par\" \/>\n\t<meta name=\"twitter:data1\" content=\"Blanche GOMEZ\" \/>\n\t<meta name=\"twitter:label2\" content=\"Dur\u00e9e de lecture estim\u00e9e\" \/>\n\t<meta name=\"twitter:data2\" content=\"1 minute\" \/>\n<script type=\"application\/ld+json\" class=\"yoast-schema-graph\">{\"@context\":\"https:\\\/\\\/schema.org\",\"@graph\":[{\"@type\":\"Article\",\"@id\":\"https:\\\/\\\/afie-asso.fr\\\/index.php\\\/2020\\\/11\\\/03\\\/lafie-travaille-avec-le-ministere-pour-maintenir-les-projets-et-les-entreprises-pendant-le-confinement\\\/#article\",\"isPartOf\":{\"@id\":\"https:\\\/\\\/afie-asso.fr\\\/index.php\\\/2020\\\/11\\\/03\\\/lafie-travaille-avec-le-ministere-pour-maintenir-les-projets-et-les-entreprises-pendant-le-confinement\\\/\"},\"author\":{\"name\":\"Blanche GOMEZ\",\"@id\":\"https:\\\/\\\/afie-asso.fr\\\/#\\\/schema\\\/person\\\/b891fe5a7e475c1b01891fe6258c6dd4\"},\"headline\":\"L\u2019AFIE travaille avec le Minist\u00e8re pour maintenir les projets et les entreprises pendant le confinement\",\"datePublished\":\"2020-11-03T17:46:21+00:00\",\"dateModified\":\"2020-12-09T20:24:48+00:00\",\"mainEntityOfPage\":{\"@id\":\"https:\\\/\\\/afie-asso.fr\\\/index.php\\\/2020\\\/11\\\/03\\\/lafie-travaille-avec-le-ministere-pour-maintenir-les-projets-et-les-entreprises-pendant-le-confinement\\\/\"},\"wordCount\":291,\"commentCount\":0,\"publisher\":{\"@id\":\"https:\\\/\\\/afie-asso.fr\\\/#organization\"},\"image\":{\"@id\":\"https:\\\/\\\/afie-asso.fr\\\/index.php\\\/2020\\\/11\\\/03\\\/lafie-travaille-avec-le-ministere-pour-maintenir-les-projets-et-les-entreprises-pendant-le-confinement\\\/#primaryimage\"},\"thumbnailUrl\":\"https:\\\/\\\/afie-asso.fr\\\/wp-content\\\/uploads\\\/2020\\\/11\\\/MTE-logo.png\",\"articleSection\":[\"AFIE_y_etait\"],\"inLanguage\":\"fr-FR\",\"potentialAction\":[{\"@type\":\"CommentAction\",\"name\":\"Comment\",\"target\":[\"https:\\\/\\\/afie-asso.fr\\\/index.php\\\/2020\\\/11\\\/03\\\/lafie-travaille-avec-le-ministere-pour-maintenir-les-projets-et-les-entreprises-pendant-le-confinement\\\/#respond\"]}]},{\"@type\":\"WebPage\",\"@id\":\"https:\\\/\\\/afie-asso.fr\\\/index.php\\\/2020\\\/11\\\/03\\\/lafie-travaille-avec-le-ministere-pour-maintenir-les-projets-et-les-entreprises-pendant-le-confinement\\\/\",\"url\":\"https:\\\/\\\/afie-asso.fr\\\/index.php\\\/2020\\\/11\\\/03\\\/lafie-travaille-avec-le-ministere-pour-maintenir-les-projets-et-les-entreprises-pendant-le-confinement\\\/\",\"name\":\"L\u2019AFIE travaille avec le Minist\u00e8re pour maintenir les projets et les entreprises pendant le confinement - AFIE\",\"isPartOf\":{\"@id\":\"https:\\\/\\\/afie-asso.fr\\\/#website\"},\"primaryImageOfPage\":{\"@id\":\"https:\\\/\\\/afie-asso.fr\\\/index.php\\\/2020\\\/11\\\/03\\\/lafie-travaille-avec-le-ministere-pour-maintenir-les-projets-et-les-entreprises-pendant-le-confinement\\\/#primaryimage\"},\"image\":{\"@id\":\"https:\\\/\\\/afie-asso.fr\\\/index.php\\\/2020\\\/11\\\/03\\\/lafie-travaille-avec-le-ministere-pour-maintenir-les-projets-et-les-entreprises-pendant-le-confinement\\\/#primaryimage\"},\"thumbnailUrl\":\"https:\\\/\\\/afie-asso.fr\\\/wp-content\\\/uploads\\\/2020\\\/11\\\/MTE-logo.png\",\"datePublished\":\"2020-11-03T17:46:21+00:00\",\"dateModified\":\"2020-12-09T20:24:48+00:00\",\"breadcrumb\":{\"@id\":\"https:\\\/\\\/afie-asso.fr\\\/index.php\\\/2020\\\/11\\\/03\\\/lafie-travaille-avec-le-ministere-pour-maintenir-les-projets-et-les-entreprises-pendant-le-confinement\\\/#breadcrumb\"},\"inLanguage\":\"fr-FR\",\"potentialAction\":[{\"@type\":\"ReadAction\",\"target\":[\"https:\\\/\\\/afie-asso.fr\\\/index.php\\\/2020\\\/11\\\/03\\\/lafie-travaille-avec-le-ministere-pour-maintenir-les-projets-et-les-entreprises-pendant-le-confinement\\\/\"]}]},{\"@type\":\"ImageObject\",\"inLanguage\":\"fr-FR\",\"@id\":\"https:\\\/\\\/afie-asso.fr\\\/index.php\\\/2020\\\/11\\\/03\\\/lafie-travaille-avec-le-ministere-pour-maintenir-les-projets-et-les-entreprises-pendant-le-confinement\\\/#primaryimage\",\"url\":\"https:\\\/\\\/afie-asso.fr\\\/wp-content\\\/uploads\\\/2020\\\/11\\\/MTE-logo.png\",\"contentUrl\":\"https:\\\/\\\/afie-asso.fr\\\/wp-content\\\/uploads\\\/2020\\\/11\\\/MTE-logo.png\",\"width\":267,\"height\":189},{\"@type\":\"BreadcrumbList\",\"@id\":\"https:\\\/\\\/afie-asso.fr\\\/index.php\\\/2020\\\/11\\\/03\\\/lafie-travaille-avec-le-ministere-pour-maintenir-les-projets-et-les-entreprises-pendant-le-confinement\\\/#breadcrumb\",\"itemListElement\":[{\"@type\":\"ListItem\",\"position\":1,\"name\":\"Accueil\",\"item\":\"https:\\\/\\\/afie-asso.fr\\\/\"},{\"@type\":\"ListItem\",\"position\":2,\"name\":\"L\u2019AFIE travaille avec le Minist\u00e8re pour maintenir les projets et les entreprises pendant le confinement\"}]},{\"@type\":\"WebSite\",\"@id\":\"https:\\\/\\\/afie-asso.fr\\\/#website\",\"url\":\"https:\\\/\\\/afie-asso.fr\\\/\",\"name\":\"AFIE\",\"description\":\"Association Fran\u00e7aise Interprofessionnelle des Ecologues\",\"publisher\":{\"@id\":\"https:\\\/\\\/afie-asso.fr\\\/#organization\"},\"potentialAction\":[{\"@type\":\"SearchAction\",\"target\":{\"@type\":\"EntryPoint\",\"urlTemplate\":\"https:\\\/\\\/afie-asso.fr\\\/?s={search_term_string}\"},\"query-input\":{\"@type\":\"PropertyValueSpecification\",\"valueRequired\":true,\"valueName\":\"search_term_string\"}}],\"inLanguage\":\"fr-FR\"},{\"@type\":\"Organization\",\"@id\":\"https:\\\/\\\/afie-asso.fr\\\/#organization\",\"name\":\"AFIE\",\"url\":\"https:\\\/\\\/afie-asso.fr\\\/\",\"logo\":{\"@type\":\"ImageObject\",\"inLanguage\":\"fr-FR\",\"@id\":\"https:\\\/\\\/afie-asso.fr\\\/#\\\/schema\\\/logo\\\/image\\\/\",\"url\":\"https:\\\/\\\/afie-asso.fr\\\/wp-content\\\/uploads\\\/2019\\\/05\\\/cropped-logo-AFIE-3.png\",\"contentUrl\":\"https:\\\/\\\/afie-asso.fr\\\/wp-content\\\/uploads\\\/2019\\\/05\\\/cropped-logo-AFIE-3.png\",\"width\":555,\"height\":459,\"caption\":\"AFIE\"},\"image\":{\"@id\":\"https:\\\/\\\/afie-asso.fr\\\/#\\\/schema\\\/logo\\\/image\\\/\"}},{\"@type\":\"Person\",\"@id\":\"https:\\\/\\\/afie-asso.fr\\\/#\\\/schema\\\/person\\\/b891fe5a7e475c1b01891fe6258c6dd4\",\"name\":\"Blanche GOMEZ\",\"image\":{\"@type\":\"ImageObject\",\"inLanguage\":\"fr-FR\",\"@id\":\"https:\\\/\\\/secure.gravatar.com\\\/avatar\\\/81075a8dc599a0b3da912d1722483ef9016b733634880c59ae6ed38bdfb6c0c8?s=96&d=mm&r=g\",\"url\":\"https:\\\/\\\/secure.gravatar.com\\\/avatar\\\/81075a8dc599a0b3da912d1722483ef9016b733634880c59ae6ed38bdfb6c0c8?s=96&d=mm&r=g\",\"contentUrl\":\"https:\\\/\\\/secure.gravatar.com\\\/avatar\\\/81075a8dc599a0b3da912d1722483ef9016b733634880c59ae6ed38bdfb6c0c8?s=96&d=mm&r=g\",\"caption\":\"Blanche GOMEZ\"},\"url\":\"https:\\\/\\\/afie-asso.fr\\\/index.php\\\/author\\\/blanche\\\/\"}]}<\/script>\n<!-- \/ Yoast SEO plugin. -->","yoast_head_json":{"title":"L\u2019AFIE travaille avec le Minist\u00e8re pour maintenir les projets et les entreprises pendant le confinement - AFIE","robots":{"index":"index","follow":"follow","max-snippet":"max-snippet:-1","max-image-preview":"max-image-preview:large","max-video-preview":"max-video-preview:-1"},"canonical":"https:\/\/afie-asso.fr\/index.php\/2020\/11\/03\/lafie-travaille-avec-le-ministere-pour-maintenir-les-projets-et-les-entreprises-pendant-le-confinement\/","og_locale":"fr_FR","og_type":"article","og_title":"L\u2019AFIE travaille avec le Minist\u00e8re pour maintenir les projets et les entreprises pendant le confinement - AFIE","og_description":"Mme la Ministre B\u00e9rang\u00e8re Abba a r\u00e9uni le 03\/11\/2020 une partie des repr\u00e9sentants des \u00ab\u00a0entreprises\u00a0\u00bb travaillant \u00e0 la pr\u00e9servation de la biodiversit\u00e9 pour discuter des probl\u00e9matiques li\u00e9es au reconfinement, afin de faire remonter les difficult\u00e9s des ces acteurs. L&rsquo;AFIE, ainsi que d&rsquo;autres r\u00e9seaux comme l&rsquo;A-IGEco, a ainsi pu relayer les besoins de ses adh\u00e9rents et [&hellip;]","og_url":"https:\/\/afie-asso.fr\/index.php\/2020\/11\/03\/lafie-travaille-avec-le-ministere-pour-maintenir-les-projets-et-les-entreprises-pendant-le-confinement\/","og_site_name":"AFIE","article_published_time":"2020-11-03T17:46:21+00:00","article_modified_time":"2020-12-09T20:24:48+00:00","og_image":[{"width":267,"height":189,"url":"https:\/\/afie-asso.fr\/wp-content\/uploads\/2020\/11\/MTE-logo.png","type":"image\/png"}],"author":"Blanche GOMEZ","twitter_card":"summary_large_image","twitter_misc":{"\u00c9crit par":"Blanche GOMEZ","Dur\u00e9e de lecture estim\u00e9e":"1 minute"},"schema":{"@context":"https:\/\/schema.org","@graph":[{"@type":"Article","@id":"https:\/\/afie-asso.fr\/index.php\/2020\/11\/03\/lafie-travaille-avec-le-ministere-pour-maintenir-les-projets-et-les-entreprises-pendant-le-confinement\/#article","isPartOf":{"@id":"https:\/\/afie-asso.fr\/index.php\/2020\/11\/03\/lafie-travaille-avec-le-ministere-pour-maintenir-les-projets-et-les-entreprises-pendant-le-confinement\/"},"author":{"name":"Blanche GOMEZ","@id":"https:\/\/afie-asso.fr\/#\/schema\/person\/b891fe5a7e475c1b01891fe6258c6dd4"},"headline":"L\u2019AFIE travaille avec le Minist\u00e8re pour maintenir les projets et les entreprises pendant le confinement","datePublished":"2020-11-03T17:46:21+00:00","dateModified":"2020-12-09T20:24:48+00:00","mainEntityOfPage":{"@id":"https:\/\/afie-asso.fr\/index.php\/2020\/11\/03\/lafie-travaille-avec-le-ministere-pour-maintenir-les-projets-et-les-entreprises-pendant-le-confinement\/"},"wordCount":291,"commentCount":0,"publisher":{"@id":"https:\/\/afie-asso.fr\/#organization"},"image":{"@id":"https:\/\/afie-asso.fr\/index.php\/2020\/11\/03\/lafie-travaille-avec-le-ministere-pour-maintenir-les-projets-et-les-entreprises-pendant-le-confinement\/#primaryimage"},"thumbnailUrl":"https:\/\/afie-asso.fr\/wp-content\/uploads\/2020\/11\/MTE-logo.png","articleSection":["AFIE_y_etait"],"inLanguage":"fr-FR","potentialAction":[{"@type":"CommentAction","name":"Comment","target":["https:\/\/afie-asso.fr\/index.php\/2020\/11\/03\/lafie-travaille-avec-le-ministere-pour-maintenir-les-projets-et-les-entreprises-pendant-le-confinement\/#respond"]}]},{"@type":"WebPage","@id":"https:\/\/afie-asso.fr\/index.php\/2020\/11\/03\/lafie-travaille-avec-le-ministere-pour-maintenir-les-projets-et-les-entreprises-pendant-le-confinement\/","url":"https:\/\/afie-asso.fr\/index.php\/2020\/11\/03\/lafie-travaille-avec-le-ministere-pour-maintenir-les-projets-et-les-entreprises-pendant-le-confinement\/","name":"L\u2019AFIE travaille avec le Minist\u00e8re pour maintenir les projets et les entreprises pendant le confinement - AFIE","isPartOf":{"@id":"https:\/\/afie-asso.fr\/#website"},"primaryImageOfPage":{"@id":"https:\/\/afie-asso.fr\/index.php\/2020\/11\/03\/lafie-travaille-avec-le-ministere-pour-maintenir-les-projets-et-les-entreprises-pendant-le-confinement\/#primaryimage"},"image":{"@id":"https:\/\/afie-asso.fr\/index.php\/2020\/11\/03\/lafie-travaille-avec-le-ministere-pour-maintenir-les-projets-et-les-entreprises-pendant-le-confinement\/#primaryimage"},"thumbnailUrl":"https:\/\/afie-asso.fr\/wp-content\/uploads\/2020\/11\/MTE-logo.png","datePublished":"2020-11-03T17:46:21+00:00","dateModified":"2020-12-09T20:24:48+00:00","breadcrumb":{"@id":"https:\/\/afie-asso.fr\/index.php\/2020\/11\/03\/lafie-travaille-avec-le-ministere-pour-maintenir-les-projets-et-les-entreprises-pendant-le-confinement\/#breadcrumb"},"inLanguage":"fr-FR","potentialAction":[{"@type":"ReadAction","target":["https:\/\/afie-asso.fr\/index.php\/2020\/11\/03\/lafie-travaille-avec-le-ministere-pour-maintenir-les-projets-et-les-entreprises-pendant-le-confinement\/"]}]},{"@type":"ImageObject","inLanguage":"fr-FR","@id":"https:\/\/afie-asso.fr\/index.php\/2020\/11\/03\/lafie-travaille-avec-le-ministere-pour-maintenir-les-projets-et-les-entreprises-pendant-le-confinement\/#primaryimage","url":"https:\/\/afie-asso.fr\/wp-content\/uploads\/2020\/11\/MTE-logo.png","contentUrl":"https:\/\/afie-asso.fr\/wp-content\/uploads\/2020\/11\/MTE-logo.png","width":267,"height":189},{"@type":"BreadcrumbList","@id":"https:\/\/afie-asso.fr\/index.php\/2020\/11\/03\/lafie-travaille-avec-le-ministere-pour-maintenir-les-projets-et-les-entreprises-pendant-le-confinement\/#breadcrumb","itemListElement":[{"@type":"ListItem","position":1,"name":"Accueil","item":"https:\/\/afie-asso.fr\/"},{"@type":"ListItem","position":2,"name":"L\u2019AFIE travaille avec le Minist\u00e8re pour maintenir les projets et les entreprises pendant le confinement"}]},{"@type":"WebSite","@id":"https:\/\/afie-asso.fr\/#website","url":"https:\/\/afie-asso.fr\/","name":"AFIE","description":"Association Fran\u00e7aise Interprofessionnelle des Ecologues","publisher":{"@id":"https:\/\/afie-asso.fr\/#organization"},"potentialAction":[{"@type":"SearchAction","target":{"@type":"EntryPoint","urlTemplate":"https:\/\/afie-asso.fr\/?s={search_term_string}"},"query-input":{"@type":"PropertyValueSpecification","valueRequired":true,"valueName":"search_term_string"}}],"inLanguage":"fr-FR"},{"@type":"Organization","@id":"https:\/\/afie-asso.fr\/#organization","name":"AFIE","url":"https:\/\/afie-asso.fr\/","logo":{"@type":"ImageObject","inLanguage":"fr-FR","@id":"https:\/\/afie-asso.fr\/#\/schema\/logo\/image\/","url":"https:\/\/afie-asso.fr\/wp-content\/uploads\/2019\/05\/cropped-logo-AFIE-3.png","contentUrl":"https:\/\/afie-asso.fr\/wp-content\/uploads\/2019\/05\/cropped-logo-AFIE-3.png","width":555,"height":459,"caption":"AFIE"},"image":{"@id":"https:\/\/afie-asso.fr\/#\/schema\/logo\/image\/"}},{"@type":"Person","@id":"https:\/\/afie-asso.fr\/#\/schema\/person\/b891fe5a7e475c1b01891fe6258c6dd4","name":"Blanche GOMEZ","image":{"@type":"ImageObject","inLanguage":"fr-FR","@id":"https:\/\/secure.gravatar.com\/avatar\/81075a8dc599a0b3da912d1722483ef9016b733634880c59ae6ed38bdfb6c0c8?s=96&d=mm&r=g","url":"https:\/\/secure.gravatar.com\/avatar\/81075a8dc599a0b3da912d1722483ef9016b733634880c59ae6ed38bdfb6c0c8?s=96&d=mm&r=g","contentUrl":"https:\/\/secure.gravatar.com\/avatar\/81075a8dc599a0b3da912d1722483ef9016b733634880c59ae6ed38bdfb6c0c8?s=96&d=mm&r=g","caption":"Blanche GOMEZ"},"url":"https:\/\/afie-asso.fr\/index.php\/author\/blanche\/"}]}},"rttpg_featured_image_url":{"full":["https:\/\/afie-asso.fr\/wp-content\/uploads\/2020\/11\/MTE-logo.png",267,189,false],"landscape":["https:\/\/afie-asso.fr\/wp-content\/uploads\/2020\/11\/MTE-logo.png",267,189,false],"portraits":["https:\/\/afie-asso.fr\/wp-content\/uploads\/2020\/11\/MTE-logo.png",267,189,false],"thumbnail":["https:\/\/afie-asso.fr\/wp-content\/uploads\/2020\/11\/MTE-logo-150x150.png",150,150,true],"medium":["https:\/\/afie-asso.fr\/wp-content\/uploads\/2020\/11\/MTE-logo.png",267,189,false],"large":["https:\/\/afie-asso.fr\/wp-content\/uploads\/2020\/11\/MTE-logo.png",267,189,false],"1536x1536":["https:\/\/afie-asso.fr\/wp-content\/uploads\/2020\/11\/MTE-logo.png",267,189,false],"2048x2048":["https:\/\/afie-asso.fr\/wp-content\/uploads\/2020\/11\/MTE-logo.png",267,189,false]},"rttpg_author":{"display_name":"Blanche GOMEZ","author_link":"https:\/\/afie-asso.fr\/index.php\/author\/blanche\/"},"rttpg_comment":0,"rttpg_category":"<a href=\"https:\/\/afie-asso.fr\/index.php\/category\/afie_y_etait\/\" rel=\"category tag\">AFIE_y_etait<\/a>","rttpg_excerpt":"Mme la Ministre B\u00e9rang\u00e8re Abba a r\u00e9uni le 03\/11\/2020 une partie des repr\u00e9sentants des \u00ab\u00a0entreprises\u00a0\u00bb travaillant \u00e0 la pr\u00e9servation de la biodiversit\u00e9 pour discuter des probl\u00e9matiques li\u00e9es au reconfinement, afin de faire remonter les difficult\u00e9s des ces acteurs. L&rsquo;AFIE, ainsi que d&rsquo;autres r\u00e9seaux comme l&rsquo;A-IGEco, a ainsi pu relayer les besoins de ses adh\u00e9rents et\u2026","_links":{"self":[{"href":"https:\/\/afie-asso.fr\/index.php\/wp-json\/wp\/v2\/posts\/967","targetHints":{"allow":["GET"]}}],"collection":[{"href":"https:\/\/afie-asso.fr\/index.php\/wp-json\/wp\/v2\/posts"}],"about":[{"href":"https:\/\/afie-asso.fr\/index.php\/wp-json\/wp\/v2\/types\/post"}],"author":[{"embeddable":true,"href":"https:\/\/afie-asso.fr\/index.php\/wp-json\/wp\/v2\/users\/6"}],"replies":[{"embeddable":true,"href":"https:\/\/afie-asso.fr\/index.php\/wp-json\/wp\/v2\/comments?post=967"}],"version-history":[{"count":6,"href":"https:\/\/afie-asso.fr\/index.php\/wp-json\/wp\/v2\/posts\/967\/revisions"}],"predecessor-version":[{"id":1019,"href":"https:\/\/afie-asso.fr\/index.php\/wp-json\/wp\/v2\/posts\/967\/revisions\/1019"}],"wp:featuredmedia":[{"embeddable":true,"href":"https:\/\/afie-asso.fr\/index.php\/wp-json\/wp\/v2\/media\/968"}],"wp:attachment":[{"href":"https:\/\/afie-asso.fr\/index.php\/wp-json\/wp\/v2\/media?parent=967"}],"wp:term":[{"taxonomy":"category","embeddable":true,"href":"https:\/\/afie-asso.fr\/index.php\/wp-json\/wp\/v2\/categories?post=967"},{"taxonomy":"post_tag","embeddable":true,"href":"https:\/\/afie-asso.fr\/index.php\/wp-json\/wp\/v2\/tags?post=967"}],"curies":[{"name":"wp","href":"https:\/\/api.w.org\/{rel}","templated":true}]}}