{"id":932,"date":"2020-09-12T11:09:50","date_gmt":"2020-09-12T09:09:50","guid":{"rendered":"http:\/\/afie-asso.fr\/?p=932"},"modified":"2020-11-06T07:52:49","modified_gmt":"2020-11-06T06:52:49","slug":"lafie-au-bureau-du-comite-national-biodiversite","status":"publish","type":"post","link":"https:\/\/afie-asso.fr\/index.php\/2020\/09\/12\/lafie-au-bureau-du-comite-national-biodiversite\/","title":{"rendered":"L\u2019AFIE au bureau du Comit\u00e9 National de la Biodiversit\u00e9"},"content":{"rendered":"\n<p>Blanche GOMEZ, repr\u00e9sentante de l\u2019AFIE, est co-pilote de la commission sp\u00e9cialis\u00e9e \u00ab\u00a0<em>Connaissance de la biodiversit\u00e9, syst\u00e8mes d\u2019information, diffusion et \u00e9ducation<\/em>\u00a0\u00bb (CS1) du <strong><a href=\"http:\/\/www.avis-biodiversite.developpement-durable.gouv.fr\/ses-avis-r53.html\">Comit\u00e9 National Biodiversit\u00e9<\/a><\/strong> et si\u00e8ge \u00e0 ce titre au bureau du CNB. Afin d\u2019assurer une bonne reprise du CNB apr\u00e8s une p\u00e9riode compliqu\u00e9e li\u00e9e \u00e0 la Covid-19, le bureau s\u2019est r\u00e9uni le 7 septembre 2020 par visio. Y ont \u00e9t\u00e9 discut\u00e9s l\u2019ordre du jour des prochaines r\u00e9unions pl\u00e9ni\u00e8res du 22 septembre 2020 et du 19 novembre 2020 (date \u00e0 confirmer), les modalit\u00e9s de discussions avec le cabinet de la Ministre de la transition \u00e9cologique, et l\u2019organisation autour de l\u2019<strong>avis du CNB <\/strong>relatif au<strong> projet de nouvelle strat\u00e9gie nationale pour les aires prot\u00e9g\u00e9es marines et terrestres 2020-2030<\/strong>.<\/p>\n\n\n\n<p><br>En effet, un Groupe de travail d\u00e9di\u00e9 \u00e0 cet avis a \u00e9t\u00e9 r\u00e9uni plusieurs fois depuis le printemps afin de r\u00e9diger cet avis auquel l\u2019AFIE a contribu\u00e9. Le Minist\u00e8re a sollicit\u00e9 le CNB, le CNPN et le CNTE sur leur projet de strat\u00e9gie et de plan d\u2019actions en faveur des espaces prot\u00e9g\u00e9s, soit bien en amont du processus, afin de pouvoir l\u2019am\u00e9liorer et produire une version consolid\u00e9e tenant compte de ces recommandations. L\u2019avis sera soumis au vote au cours du CNB pl\u00e9nier du 22 septembre 2020.<\/p>\n\n\n\n<p><br>Cet avis sera mis \u00e0 disposition dans l\u2019<a rel=\"noreferrer noopener\" href=\"https:\/\/afie-asso.fr\/index.php\/services-aux-adherents\/se-connecter\/\" target=\"_blank\">espace adh\u00e9rent<\/a> d\u00e8s sa diffusion.<\/p>\n","protected":false},"excerpt":{"rendered":"<p>Blanche GOMEZ, repr\u00e9sentante de l\u2019AFIE, est co-pilote de la commission sp\u00e9cialis\u00e9e \u00ab\u00a0Connaissance de la biodiversit\u00e9, syst\u00e8mes d\u2019information, diffusion et \u00e9ducation\u00a0\u00bb (CS1) du Comit\u00e9 National Biodiversit\u00e9 et si\u00e8ge \u00e0 ce titre au bureau du CNB. Afin d\u2019assurer une bonne reprise du CNB apr\u00e8s une p\u00e9riode compliqu\u00e9e li\u00e9e \u00e0 la Covid-19, le bureau s\u2019est r\u00e9uni le 7 [&hellip;]<\/p>\n","protected":false},"author":6,"featured_media":698,"comment_status":"open","ping_status":"open","sticky":false,"template":"","format":"standard","meta":{"footnotes":""},"categories":[20],"tags":[],"class_list":["post-932","post","type-post","status-publish","format-standard","has-post-thumbnail","hentry","category-afie_y_etait"],"yoast_head":"<!-- This site is optimized with the Yoast SEO plugin v27.5 - https:\/\/yoast.com\/product\/yoast-seo-wordpress\/ -->\n<title>L\u2019AFIE au bureau du Comit\u00e9 National de la Biodiversit\u00e9 - AFIE<\/title>\n<meta name=\"robots\" content=\"index, follow, max-snippet:-1, max-image-preview:large, max-video-preview:-1\" \/>\n<link rel=\"canonical\" href=\"https:\/\/afie-asso.fr\/index.php\/2020\/09\/12\/lafie-au-bureau-du-comite-national-biodiversite\/\" \/>\n<meta property=\"og:locale\" content=\"fr_FR\" \/>\n<meta property=\"og:type\" content=\"article\" \/>\n<meta property=\"og:title\" content=\"L\u2019AFIE au bureau du Comit\u00e9 National de la Biodiversit\u00e9 - AFIE\" \/>\n<meta property=\"og:description\" content=\"Blanche GOMEZ, repr\u00e9sentante de l\u2019AFIE, est co-pilote de la commission sp\u00e9cialis\u00e9e \u00ab\u00a0Connaissance de la biodiversit\u00e9, syst\u00e8mes d\u2019information, diffusion et \u00e9ducation\u00a0\u00bb (CS1) du Comit\u00e9 National Biodiversit\u00e9 et si\u00e8ge \u00e0 ce titre au bureau du CNB. Afin d\u2019assurer une bonne reprise du CNB apr\u00e8s une p\u00e9riode compliqu\u00e9e li\u00e9e \u00e0 la Covid-19, le bureau s\u2019est r\u00e9uni le 7 [&hellip;]\" \/>\n<meta property=\"og:url\" content=\"https:\/\/afie-asso.fr\/index.php\/2020\/09\/12\/lafie-au-bureau-du-comite-national-biodiversite\/\" \/>\n<meta property=\"og:site_name\" content=\"AFIE\" \/>\n<meta property=\"article:published_time\" content=\"2020-09-12T09:09:50+00:00\" \/>\n<meta property=\"article:modified_time\" content=\"2020-11-06T06:52:49+00:00\" \/>\n<meta property=\"og:image\" content=\"https:\/\/afie-asso.fr\/wp-content\/uploads\/2020\/06\/CNB2.png\" \/>\n\t<meta property=\"og:image:width\" content=\"276\" \/>\n\t<meta property=\"og:image:height\" content=\"182\" \/>\n\t<meta property=\"og:image:type\" content=\"image\/png\" \/>\n<meta name=\"author\" content=\"Blanche GOMEZ\" \/>\n<meta name=\"twitter:card\" content=\"summary_large_image\" \/>\n<meta name=\"twitter:label1\" content=\"\u00c9crit par\" \/>\n\t<meta name=\"twitter:data1\" content=\"Blanche GOMEZ\" \/>\n\t<meta name=\"twitter:label2\" content=\"Dur\u00e9e de lecture estim\u00e9e\" \/>\n\t<meta name=\"twitter:data2\" content=\"1 minute\" \/>\n<script type=\"application\/ld+json\" class=\"yoast-schema-graph\">{\"@context\":\"https:\\\/\\\/schema.org\",\"@graph\":[{\"@type\":\"Article\",\"@id\":\"https:\\\/\\\/afie-asso.fr\\\/index.php\\\/2020\\\/09\\\/12\\\/lafie-au-bureau-du-comite-national-biodiversite\\\/#article\",\"isPartOf\":{\"@id\":\"https:\\\/\\\/afie-asso.fr\\\/index.php\\\/2020\\\/09\\\/12\\\/lafie-au-bureau-du-comite-national-biodiversite\\\/\"},\"author\":{\"name\":\"Blanche GOMEZ\",\"@id\":\"https:\\\/\\\/afie-asso.fr\\\/#\\\/schema\\\/person\\\/b891fe5a7e475c1b01891fe6258c6dd4\"},\"headline\":\"L\u2019AFIE au bureau du Comit\u00e9 National de la Biodiversit\u00e9\",\"datePublished\":\"2020-09-12T09:09:50+00:00\",\"dateModified\":\"2020-11-06T06:52:49+00:00\",\"mainEntityOfPage\":{\"@id\":\"https:\\\/\\\/afie-asso.fr\\\/index.php\\\/2020\\\/09\\\/12\\\/lafie-au-bureau-du-comite-national-biodiversite\\\/\"},\"wordCount\":255,\"commentCount\":0,\"publisher\":{\"@id\":\"https:\\\/\\\/afie-asso.fr\\\/#organization\"},\"image\":{\"@id\":\"https:\\\/\\\/afie-asso.fr\\\/index.php\\\/2020\\\/09\\\/12\\\/lafie-au-bureau-du-comite-national-biodiversite\\\/#primaryimage\"},\"thumbnailUrl\":\"https:\\\/\\\/afie-asso.fr\\\/wp-content\\\/uploads\\\/2020\\\/06\\\/CNB2.png\",\"articleSection\":[\"AFIE_y_etait\"],\"inLanguage\":\"fr-FR\",\"potentialAction\":[{\"@type\":\"CommentAction\",\"name\":\"Comment\",\"target\":[\"https:\\\/\\\/afie-asso.fr\\\/index.php\\\/2020\\\/09\\\/12\\\/lafie-au-bureau-du-comite-national-biodiversite\\\/#respond\"]}]},{\"@type\":\"WebPage\",\"@id\":\"https:\\\/\\\/afie-asso.fr\\\/index.php\\\/2020\\\/09\\\/12\\\/lafie-au-bureau-du-comite-national-biodiversite\\\/\",\"url\":\"https:\\\/\\\/afie-asso.fr\\\/index.php\\\/2020\\\/09\\\/12\\\/lafie-au-bureau-du-comite-national-biodiversite\\\/\",\"name\":\"L\u2019AFIE au bureau du Comit\u00e9 National de la Biodiversit\u00e9 - AFIE\",\"isPartOf\":{\"@id\":\"https:\\\/\\\/afie-asso.fr\\\/#website\"},\"primaryImageOfPage\":{\"@id\":\"https:\\\/\\\/afie-asso.fr\\\/index.php\\\/2020\\\/09\\\/12\\\/lafie-au-bureau-du-comite-national-biodiversite\\\/#primaryimage\"},\"image\":{\"@id\":\"https:\\\/\\\/afie-asso.fr\\\/index.php\\\/2020\\\/09\\\/12\\\/lafie-au-bureau-du-comite-national-biodiversite\\\/#primaryimage\"},\"thumbnailUrl\":\"https:\\\/\\\/afie-asso.fr\\\/wp-content\\\/uploads\\\/2020\\\/06\\\/CNB2.png\",\"datePublished\":\"2020-09-12T09:09:50+00:00\",\"dateModified\":\"2020-11-06T06:52:49+00:00\",\"breadcrumb\":{\"@id\":\"https:\\\/\\\/afie-asso.fr\\\/index.php\\\/2020\\\/09\\\/12\\\/lafie-au-bureau-du-comite-national-biodiversite\\\/#breadcrumb\"},\"inLanguage\":\"fr-FR\",\"potentialAction\":[{\"@type\":\"ReadAction\",\"target\":[\"https:\\\/\\\/afie-asso.fr\\\/index.php\\\/2020\\\/09\\\/12\\\/lafie-au-bureau-du-comite-national-biodiversite\\\/\"]}]},{\"@type\":\"ImageObject\",\"inLanguage\":\"fr-FR\",\"@id\":\"https:\\\/\\\/afie-asso.fr\\\/index.php\\\/2020\\\/09\\\/12\\\/lafie-au-bureau-du-comite-national-biodiversite\\\/#primaryimage\",\"url\":\"https:\\\/\\\/afie-asso.fr\\\/wp-content\\\/uploads\\\/2020\\\/06\\\/CNB2.png\",\"contentUrl\":\"https:\\\/\\\/afie-asso.fr\\\/wp-content\\\/uploads\\\/2020\\\/06\\\/CNB2.png\",\"width\":276,\"height\":182},{\"@type\":\"BreadcrumbList\",\"@id\":\"https:\\\/\\\/afie-asso.fr\\\/index.php\\\/2020\\\/09\\\/12\\\/lafie-au-bureau-du-comite-national-biodiversite\\\/#breadcrumb\",\"itemListElement\":[{\"@type\":\"ListItem\",\"position\":1,\"name\":\"Accueil\",\"item\":\"https:\\\/\\\/afie-asso.fr\\\/\"},{\"@type\":\"ListItem\",\"position\":2,\"name\":\"L\u2019AFIE au bureau du Comit\u00e9 National de la Biodiversit\u00e9\"}]},{\"@type\":\"WebSite\",\"@id\":\"https:\\\/\\\/afie-asso.fr\\\/#website\",\"url\":\"https:\\\/\\\/afie-asso.fr\\\/\",\"name\":\"AFIE\",\"description\":\"Association Fran\u00e7aise Interprofessionnelle des Ecologues\",\"publisher\":{\"@id\":\"https:\\\/\\\/afie-asso.fr\\\/#organization\"},\"potentialAction\":[{\"@type\":\"SearchAction\",\"target\":{\"@type\":\"EntryPoint\",\"urlTemplate\":\"https:\\\/\\\/afie-asso.fr\\\/?s={search_term_string}\"},\"query-input\":{\"@type\":\"PropertyValueSpecification\",\"valueRequired\":true,\"valueName\":\"search_term_string\"}}],\"inLanguage\":\"fr-FR\"},{\"@type\":\"Organization\",\"@id\":\"https:\\\/\\\/afie-asso.fr\\\/#organization\",\"name\":\"AFIE\",\"url\":\"https:\\\/\\\/afie-asso.fr\\\/\",\"logo\":{\"@type\":\"ImageObject\",\"inLanguage\":\"fr-FR\",\"@id\":\"https:\\\/\\\/afie-asso.fr\\\/#\\\/schema\\\/logo\\\/image\\\/\",\"url\":\"https:\\\/\\\/afie-asso.fr\\\/wp-content\\\/uploads\\\/2019\\\/05\\\/cropped-logo-AFIE-3.png\",\"contentUrl\":\"https:\\\/\\\/afie-asso.fr\\\/wp-content\\\/uploads\\\/2019\\\/05\\\/cropped-logo-AFIE-3.png\",\"width\":555,\"height\":459,\"caption\":\"AFIE\"},\"image\":{\"@id\":\"https:\\\/\\\/afie-asso.fr\\\/#\\\/schema\\\/logo\\\/image\\\/\"}},{\"@type\":\"Person\",\"@id\":\"https:\\\/\\\/afie-asso.fr\\\/#\\\/schema\\\/person\\\/b891fe5a7e475c1b01891fe6258c6dd4\",\"name\":\"Blanche GOMEZ\",\"image\":{\"@type\":\"ImageObject\",\"inLanguage\":\"fr-FR\",\"@id\":\"https:\\\/\\\/secure.gravatar.com\\\/avatar\\\/81075a8dc599a0b3da912d1722483ef9016b733634880c59ae6ed38bdfb6c0c8?s=96&d=mm&r=g\",\"url\":\"https:\\\/\\\/secure.gravatar.com\\\/avatar\\\/81075a8dc599a0b3da912d1722483ef9016b733634880c59ae6ed38bdfb6c0c8?s=96&d=mm&r=g\",\"contentUrl\":\"https:\\\/\\\/secure.gravatar.com\\\/avatar\\\/81075a8dc599a0b3da912d1722483ef9016b733634880c59ae6ed38bdfb6c0c8?s=96&d=mm&r=g\",\"caption\":\"Blanche GOMEZ\"},\"url\":\"https:\\\/\\\/afie-asso.fr\\\/index.php\\\/author\\\/blanche\\\/\"}]}<\/script>\n<!-- \/ Yoast SEO plugin. -->","yoast_head_json":{"title":"L\u2019AFIE au bureau du Comit\u00e9 National de la Biodiversit\u00e9 - AFIE","robots":{"index":"index","follow":"follow","max-snippet":"max-snippet:-1","max-image-preview":"max-image-preview:large","max-video-preview":"max-video-preview:-1"},"canonical":"https:\/\/afie-asso.fr\/index.php\/2020\/09\/12\/lafie-au-bureau-du-comite-national-biodiversite\/","og_locale":"fr_FR","og_type":"article","og_title":"L\u2019AFIE au bureau du Comit\u00e9 National de la Biodiversit\u00e9 - AFIE","og_description":"Blanche GOMEZ, repr\u00e9sentante de l\u2019AFIE, est co-pilote de la commission sp\u00e9cialis\u00e9e \u00ab\u00a0Connaissance de la biodiversit\u00e9, syst\u00e8mes d\u2019information, diffusion et \u00e9ducation\u00a0\u00bb (CS1) du Comit\u00e9 National Biodiversit\u00e9 et si\u00e8ge \u00e0 ce titre au bureau du CNB. Afin d\u2019assurer une bonne reprise du CNB apr\u00e8s une p\u00e9riode compliqu\u00e9e li\u00e9e \u00e0 la Covid-19, le bureau s\u2019est r\u00e9uni le 7 [&hellip;]","og_url":"https:\/\/afie-asso.fr\/index.php\/2020\/09\/12\/lafie-au-bureau-du-comite-national-biodiversite\/","og_site_name":"AFIE","article_published_time":"2020-09-12T09:09:50+00:00","article_modified_time":"2020-11-06T06:52:49+00:00","og_image":[{"width":276,"height":182,"url":"https:\/\/afie-asso.fr\/wp-content\/uploads\/2020\/06\/CNB2.png","type":"image\/png"}],"author":"Blanche GOMEZ","twitter_card":"summary_large_image","twitter_misc":{"\u00c9crit par":"Blanche GOMEZ","Dur\u00e9e de lecture estim\u00e9e":"1 minute"},"schema":{"@context":"https:\/\/schema.org","@graph":[{"@type":"Article","@id":"https:\/\/afie-asso.fr\/index.php\/2020\/09\/12\/lafie-au-bureau-du-comite-national-biodiversite\/#article","isPartOf":{"@id":"https:\/\/afie-asso.fr\/index.php\/2020\/09\/12\/lafie-au-bureau-du-comite-national-biodiversite\/"},"author":{"name":"Blanche GOMEZ","@id":"https:\/\/afie-asso.fr\/#\/schema\/person\/b891fe5a7e475c1b01891fe6258c6dd4"},"headline":"L\u2019AFIE au bureau du Comit\u00e9 National de la Biodiversit\u00e9","datePublished":"2020-09-12T09:09:50+00:00","dateModified":"2020-11-06T06:52:49+00:00","mainEntityOfPage":{"@id":"https:\/\/afie-asso.fr\/index.php\/2020\/09\/12\/lafie-au-bureau-du-comite-national-biodiversite\/"},"wordCount":255,"commentCount":0,"publisher":{"@id":"https:\/\/afie-asso.fr\/#organization"},"image":{"@id":"https:\/\/afie-asso.fr\/index.php\/2020\/09\/12\/lafie-au-bureau-du-comite-national-biodiversite\/#primaryimage"},"thumbnailUrl":"https:\/\/afie-asso.fr\/wp-content\/uploads\/2020\/06\/CNB2.png","articleSection":["AFIE_y_etait"],"inLanguage":"fr-FR","potentialAction":[{"@type":"CommentAction","name":"Comment","target":["https:\/\/afie-asso.fr\/index.php\/2020\/09\/12\/lafie-au-bureau-du-comite-national-biodiversite\/#respond"]}]},{"@type":"WebPage","@id":"https:\/\/afie-asso.fr\/index.php\/2020\/09\/12\/lafie-au-bureau-du-comite-national-biodiversite\/","url":"https:\/\/afie-asso.fr\/index.php\/2020\/09\/12\/lafie-au-bureau-du-comite-national-biodiversite\/","name":"L\u2019AFIE au bureau du Comit\u00e9 National de la Biodiversit\u00e9 - AFIE","isPartOf":{"@id":"https:\/\/afie-asso.fr\/#website"},"primaryImageOfPage":{"@id":"https:\/\/afie-asso.fr\/index.php\/2020\/09\/12\/lafie-au-bureau-du-comite-national-biodiversite\/#primaryimage"},"image":{"@id":"https:\/\/afie-asso.fr\/index.php\/2020\/09\/12\/lafie-au-bureau-du-comite-national-biodiversite\/#primaryimage"},"thumbnailUrl":"https:\/\/afie-asso.fr\/wp-content\/uploads\/2020\/06\/CNB2.png","datePublished":"2020-09-12T09:09:50+00:00","dateModified":"2020-11-06T06:52:49+00:00","breadcrumb":{"@id":"https:\/\/afie-asso.fr\/index.php\/2020\/09\/12\/lafie-au-bureau-du-comite-national-biodiversite\/#breadcrumb"},"inLanguage":"fr-FR","potentialAction":[{"@type":"ReadAction","target":["https:\/\/afie-asso.fr\/index.php\/2020\/09\/12\/lafie-au-bureau-du-comite-national-biodiversite\/"]}]},{"@type":"ImageObject","inLanguage":"fr-FR","@id":"https:\/\/afie-asso.fr\/index.php\/2020\/09\/12\/lafie-au-bureau-du-comite-national-biodiversite\/#primaryimage","url":"https:\/\/afie-asso.fr\/wp-content\/uploads\/2020\/06\/CNB2.png","contentUrl":"https:\/\/afie-asso.fr\/wp-content\/uploads\/2020\/06\/CNB2.png","width":276,"height":182},{"@type":"BreadcrumbList","@id":"https:\/\/afie-asso.fr\/index.php\/2020\/09\/12\/lafie-au-bureau-du-comite-national-biodiversite\/#breadcrumb","itemListElement":[{"@type":"ListItem","position":1,"name":"Accueil","item":"https:\/\/afie-asso.fr\/"},{"@type":"ListItem","position":2,"name":"L\u2019AFIE au bureau du Comit\u00e9 National de la Biodiversit\u00e9"}]},{"@type":"WebSite","@id":"https:\/\/afie-asso.fr\/#website","url":"https:\/\/afie-asso.fr\/","name":"AFIE","description":"Association Fran\u00e7aise Interprofessionnelle des Ecologues","publisher":{"@id":"https:\/\/afie-asso.fr\/#organization"},"potentialAction":[{"@type":"SearchAction","target":{"@type":"EntryPoint","urlTemplate":"https:\/\/afie-asso.fr\/?s={search_term_string}"},"query-input":{"@type":"PropertyValueSpecification","valueRequired":true,"valueName":"search_term_string"}}],"inLanguage":"fr-FR"},{"@type":"Organization","@id":"https:\/\/afie-asso.fr\/#organization","name":"AFIE","url":"https:\/\/afie-asso.fr\/","logo":{"@type":"ImageObject","inLanguage":"fr-FR","@id":"https:\/\/afie-asso.fr\/#\/schema\/logo\/image\/","url":"https:\/\/afie-asso.fr\/wp-content\/uploads\/2019\/05\/cropped-logo-AFIE-3.png","contentUrl":"https:\/\/afie-asso.fr\/wp-content\/uploads\/2019\/05\/cropped-logo-AFIE-3.png","width":555,"height":459,"caption":"AFIE"},"image":{"@id":"https:\/\/afie-asso.fr\/#\/schema\/logo\/image\/"}},{"@type":"Person","@id":"https:\/\/afie-asso.fr\/#\/schema\/person\/b891fe5a7e475c1b01891fe6258c6dd4","name":"Blanche GOMEZ","image":{"@type":"ImageObject","inLanguage":"fr-FR","@id":"https:\/\/secure.gravatar.com\/avatar\/81075a8dc599a0b3da912d1722483ef9016b733634880c59ae6ed38bdfb6c0c8?s=96&d=mm&r=g","url":"https:\/\/secure.gravatar.com\/avatar\/81075a8dc599a0b3da912d1722483ef9016b733634880c59ae6ed38bdfb6c0c8?s=96&d=mm&r=g","contentUrl":"https:\/\/secure.gravatar.com\/avatar\/81075a8dc599a0b3da912d1722483ef9016b733634880c59ae6ed38bdfb6c0c8?s=96&d=mm&r=g","caption":"Blanche GOMEZ"},"url":"https:\/\/afie-asso.fr\/index.php\/author\/blanche\/"}]}},"rttpg_featured_image_url":{"full":["https:\/\/afie-asso.fr\/wp-content\/uploads\/2020\/06\/CNB2.png",276,182,false],"landscape":["https:\/\/afie-asso.fr\/wp-content\/uploads\/2020\/06\/CNB2.png",276,182,false],"portraits":["https:\/\/afie-asso.fr\/wp-content\/uploads\/2020\/06\/CNB2.png",276,182,false],"thumbnail":["https:\/\/afie-asso.fr\/wp-content\/uploads\/2020\/06\/CNB2-150x150.png",150,150,true],"medium":["https:\/\/afie-asso.fr\/wp-content\/uploads\/2020\/06\/CNB2.png",276,182,false],"large":["https:\/\/afie-asso.fr\/wp-content\/uploads\/2020\/06\/CNB2.png",276,182,false],"1536x1536":["https:\/\/afie-asso.fr\/wp-content\/uploads\/2020\/06\/CNB2.png",276,182,false],"2048x2048":["https:\/\/afie-asso.fr\/wp-content\/uploads\/2020\/06\/CNB2.png",276,182,false]},"rttpg_author":{"display_name":"Blanche GOMEZ","author_link":"https:\/\/afie-asso.fr\/index.php\/author\/blanche\/"},"rttpg_comment":0,"rttpg_category":"<a href=\"https:\/\/afie-asso.fr\/index.php\/category\/afie_y_etait\/\" rel=\"category tag\">AFIE_y_etait<\/a>","rttpg_excerpt":"Blanche GOMEZ, repr\u00e9sentante de l\u2019AFIE, est co-pilote de la commission sp\u00e9cialis\u00e9e \u00ab\u00a0Connaissance de la biodiversit\u00e9, syst\u00e8mes d\u2019information, diffusion et \u00e9ducation\u00a0\u00bb (CS1) du Comit\u00e9 National Biodiversit\u00e9 et si\u00e8ge \u00e0 ce titre au bureau du CNB. Afin d\u2019assurer une bonne reprise du CNB apr\u00e8s une p\u00e9riode compliqu\u00e9e li\u00e9e \u00e0 la Covid-19, le bureau s\u2019est r\u00e9uni le 7\u2026","_links":{"self":[{"href":"https:\/\/afie-asso.fr\/index.php\/wp-json\/wp\/v2\/posts\/932","targetHints":{"allow":["GET"]}}],"collection":[{"href":"https:\/\/afie-asso.fr\/index.php\/wp-json\/wp\/v2\/posts"}],"about":[{"href":"https:\/\/afie-asso.fr\/index.php\/wp-json\/wp\/v2\/types\/post"}],"author":[{"embeddable":true,"href":"https:\/\/afie-asso.fr\/index.php\/wp-json\/wp\/v2\/users\/6"}],"replies":[{"embeddable":true,"href":"https:\/\/afie-asso.fr\/index.php\/wp-json\/wp\/v2\/comments?post=932"}],"version-history":[{"count":4,"href":"https:\/\/afie-asso.fr\/index.php\/wp-json\/wp\/v2\/posts\/932\/revisions"}],"predecessor-version":[{"id":950,"href":"https:\/\/afie-asso.fr\/index.php\/wp-json\/wp\/v2\/posts\/932\/revisions\/950"}],"wp:featuredmedia":[{"embeddable":true,"href":"https:\/\/afie-asso.fr\/index.php\/wp-json\/wp\/v2\/media\/698"}],"wp:attachment":[{"href":"https:\/\/afie-asso.fr\/index.php\/wp-json\/wp\/v2\/media?parent=932"}],"wp:term":[{"taxonomy":"category","embeddable":true,"href":"https:\/\/afie-asso.fr\/index.php\/wp-json\/wp\/v2\/categories?post=932"},{"taxonomy":"post_tag","embeddable":true,"href":"https:\/\/afie-asso.fr\/index.php\/wp-json\/wp\/v2\/tags?post=932"}],"curies":[{"name":"wp","href":"https:\/\/api.w.org\/{rel}","templated":true}]}}