{"id":350,"date":"2019-07-16T17:06:52","date_gmt":"2019-07-16T15:06:52","guid":{"rendered":"http:\/\/afie-asso.fr\/?p=350"},"modified":"2020-11-13T17:52:01","modified_gmt":"2020-11-13T16:52:01","slug":"afie-psce-3","status":"publish","type":"post","link":"https:\/\/afie-asso.fr\/index.php\/2019\/07\/16\/afie-psce-3\/","title":{"rendered":"L&rsquo;AFIE \u00e0 l&rsquo;ONCV"},"content":{"rendered":"\n<p>Officiellement lanc\u00e9 en septembre 2019, l\u2019Observatoire National du Cadre de Vie (<a href=\"http:\/\/oncv.org\" target=\"_blank\" rel=\"noreferrer noopener\">ONCV<\/a>) regroupe des professionnels qui \u0153uvrent au quotidien \u00e0 la qualit\u00e9 du cadre de vie et au bien \u00eatre des citoyens, avec pour ambition de suivre leur \u00e9volution dans le temps et de proposer des pistes d\u2019am\u00e9liorations. L\u2019AFIE a \u00e9t\u00e9 invit\u00e9e \u00e0 faire partie des membres fondateurs de l\u2019observatoire et participe depuis lors \u00e0 la d\u00e9termination des objectifs et des moyens d\u2019action de ce nouvel organe.<\/p>\n\n\n\n<p>Lors du dernier Copil, en f\u00e9vrier 2020, une d\u00e9finition du cadre de vie partag\u00e9e par tous les membres de l\u2019ONCV a \u00e9t\u00e9 pr\u00e9-approuv\u00e9e, avant un vote officiel par voie \u00e9lectronique. Les discussions ont \u00e9galement port\u00e9 sur les statuts, la formulation des objectifs, la cr\u00e9ation d\u2019un barom\u00e8tre du cadre de vie, ou encore la participation de l\u2019ONCV \u00e0 un \u00e9v\u00e9nement destin\u00e9 aux \u00e9lus.<\/p>\n\n\n\n<p>Pour plus de d\u00e9tails, le compte-rendu du dernier Copil est disponible dans l&rsquo;<a href=\"https:\/\/afie-asso.fr\/index.php\/2020\/11\/13\/lafie-y-etait-les-comptes-rendus\/\" target=\"_blank\" rel=\"noreferrer noopener\">Espace Adh\u00e9rents<\/a>.<\/p>\n","protected":false},"excerpt":{"rendered":"<p>Officiellement lanc\u00e9 en septembre 2019, l\u2019Observatoire National du Cadre de Vie (ONCV) regroupe des professionnels qui \u0153uvrent au quotidien \u00e0 la qualit\u00e9 du cadre de vie et au bien \u00eatre des citoyens, avec pour ambition de suivre leur \u00e9volution dans le temps et de proposer des pistes d\u2019am\u00e9liorations. L\u2019AFIE a \u00e9t\u00e9 invit\u00e9e \u00e0 faire partie [&hellip;]<\/p>\n","protected":false},"author":1,"featured_media":693,"comment_status":"closed","ping_status":"open","sticky":false,"template":"","format":"standard","meta":{"footnotes":""},"categories":[20],"tags":[],"class_list":["post-350","post","type-post","status-publish","format-standard","has-post-thumbnail","hentry","category-afie_y_etait"],"yoast_head":"<!-- This site is optimized with the Yoast SEO plugin v27.4 - https:\/\/yoast.com\/product\/yoast-seo-wordpress\/ -->\n<title>L&#039;AFIE \u00e0 l&#039;ONCV - AFIE<\/title>\n<meta name=\"robots\" content=\"index, follow, max-snippet:-1, max-image-preview:large, max-video-preview:-1\" \/>\n<link rel=\"canonical\" href=\"https:\/\/afie-asso.fr\/index.php\/2019\/07\/16\/afie-psce-3\/\" \/>\n<meta property=\"og:locale\" content=\"fr_FR\" \/>\n<meta property=\"og:type\" content=\"article\" \/>\n<meta property=\"og:title\" content=\"L&#039;AFIE \u00e0 l&#039;ONCV - AFIE\" \/>\n<meta property=\"og:description\" content=\"Officiellement lanc\u00e9 en septembre 2019, l\u2019Observatoire National du Cadre de Vie (ONCV) regroupe des professionnels qui \u0153uvrent au quotidien \u00e0 la qualit\u00e9 du cadre de vie et au bien \u00eatre des citoyens, avec pour ambition de suivre leur \u00e9volution dans le temps et de proposer des pistes d\u2019am\u00e9liorations. L\u2019AFIE a \u00e9t\u00e9 invit\u00e9e \u00e0 faire partie [&hellip;]\" \/>\n<meta property=\"og:url\" content=\"https:\/\/afie-asso.fr\/index.php\/2019\/07\/16\/afie-psce-3\/\" \/>\n<meta property=\"og:site_name\" content=\"AFIE\" \/>\n<meta property=\"article:published_time\" content=\"2019-07-16T15:06:52+00:00\" \/>\n<meta property=\"article:modified_time\" content=\"2020-11-13T16:52:01+00:00\" \/>\n<meta property=\"og:image\" content=\"https:\/\/afie-asso.fr\/wp-content\/uploads\/2020\/06\/ONCV.png\" \/>\n\t<meta property=\"og:image:width\" content=\"343\" \/>\n\t<meta property=\"og:image:height\" content=\"540\" \/>\n\t<meta property=\"og:image:type\" content=\"image\/png\" \/>\n<meta name=\"author\" content=\"M\u00e9lanie\" \/>\n<meta name=\"twitter:card\" content=\"summary_large_image\" \/>\n<meta name=\"twitter:label1\" content=\"\u00c9crit par\" \/>\n\t<meta name=\"twitter:data1\" content=\"M\u00e9lanie\" \/>\n\t<meta name=\"twitter:label2\" content=\"Dur\u00e9e de lecture estim\u00e9e\" \/>\n\t<meta name=\"twitter:data2\" content=\"1 minute\" \/>\n<script type=\"application\/ld+json\" class=\"yoast-schema-graph\">{\"@context\":\"https:\\\/\\\/schema.org\",\"@graph\":[{\"@type\":\"Article\",\"@id\":\"https:\\\/\\\/afie-asso.fr\\\/index.php\\\/2019\\\/07\\\/16\\\/afie-psce-3\\\/#article\",\"isPartOf\":{\"@id\":\"https:\\\/\\\/afie-asso.fr\\\/index.php\\\/2019\\\/07\\\/16\\\/afie-psce-3\\\/\"},\"author\":{\"name\":\"M\u00e9lanie\",\"@id\":\"https:\\\/\\\/afie-asso.fr\\\/#\\\/schema\\\/person\\\/d78e440b9a14e3c7ab5788d70246aefc\"},\"headline\":\"L&rsquo;AFIE \u00e0 l&rsquo;ONCV\",\"datePublished\":\"2019-07-16T15:06:52+00:00\",\"dateModified\":\"2020-11-13T16:52:01+00:00\",\"mainEntityOfPage\":{\"@id\":\"https:\\\/\\\/afie-asso.fr\\\/index.php\\\/2019\\\/07\\\/16\\\/afie-psce-3\\\/\"},\"wordCount\":173,\"publisher\":{\"@id\":\"https:\\\/\\\/afie-asso.fr\\\/#organization\"},\"image\":{\"@id\":\"https:\\\/\\\/afie-asso.fr\\\/index.php\\\/2019\\\/07\\\/16\\\/afie-psce-3\\\/#primaryimage\"},\"thumbnailUrl\":\"https:\\\/\\\/afie-asso.fr\\\/wp-content\\\/uploads\\\/2020\\\/06\\\/ONCV.png\",\"articleSection\":[\"AFIE_y_etait\"],\"inLanguage\":\"fr-FR\"},{\"@type\":\"WebPage\",\"@id\":\"https:\\\/\\\/afie-asso.fr\\\/index.php\\\/2019\\\/07\\\/16\\\/afie-psce-3\\\/\",\"url\":\"https:\\\/\\\/afie-asso.fr\\\/index.php\\\/2019\\\/07\\\/16\\\/afie-psce-3\\\/\",\"name\":\"L'AFIE \u00e0 l'ONCV - AFIE\",\"isPartOf\":{\"@id\":\"https:\\\/\\\/afie-asso.fr\\\/#website\"},\"primaryImageOfPage\":{\"@id\":\"https:\\\/\\\/afie-asso.fr\\\/index.php\\\/2019\\\/07\\\/16\\\/afie-psce-3\\\/#primaryimage\"},\"image\":{\"@id\":\"https:\\\/\\\/afie-asso.fr\\\/index.php\\\/2019\\\/07\\\/16\\\/afie-psce-3\\\/#primaryimage\"},\"thumbnailUrl\":\"https:\\\/\\\/afie-asso.fr\\\/wp-content\\\/uploads\\\/2020\\\/06\\\/ONCV.png\",\"datePublished\":\"2019-07-16T15:06:52+00:00\",\"dateModified\":\"2020-11-13T16:52:01+00:00\",\"breadcrumb\":{\"@id\":\"https:\\\/\\\/afie-asso.fr\\\/index.php\\\/2019\\\/07\\\/16\\\/afie-psce-3\\\/#breadcrumb\"},\"inLanguage\":\"fr-FR\",\"potentialAction\":[{\"@type\":\"ReadAction\",\"target\":[\"https:\\\/\\\/afie-asso.fr\\\/index.php\\\/2019\\\/07\\\/16\\\/afie-psce-3\\\/\"]}]},{\"@type\":\"ImageObject\",\"inLanguage\":\"fr-FR\",\"@id\":\"https:\\\/\\\/afie-asso.fr\\\/index.php\\\/2019\\\/07\\\/16\\\/afie-psce-3\\\/#primaryimage\",\"url\":\"https:\\\/\\\/afie-asso.fr\\\/wp-content\\\/uploads\\\/2020\\\/06\\\/ONCV.png\",\"contentUrl\":\"https:\\\/\\\/afie-asso.fr\\\/wp-content\\\/uploads\\\/2020\\\/06\\\/ONCV.png\",\"width\":343,\"height\":540},{\"@type\":\"BreadcrumbList\",\"@id\":\"https:\\\/\\\/afie-asso.fr\\\/index.php\\\/2019\\\/07\\\/16\\\/afie-psce-3\\\/#breadcrumb\",\"itemListElement\":[{\"@type\":\"ListItem\",\"position\":1,\"name\":\"Accueil\",\"item\":\"https:\\\/\\\/afie-asso.fr\\\/\"},{\"@type\":\"ListItem\",\"position\":2,\"name\":\"L&rsquo;AFIE \u00e0 l&rsquo;ONCV\"}]},{\"@type\":\"WebSite\",\"@id\":\"https:\\\/\\\/afie-asso.fr\\\/#website\",\"url\":\"https:\\\/\\\/afie-asso.fr\\\/\",\"name\":\"AFIE\",\"description\":\"Association Fran\u00e7aise Interprofessionnelle des Ecologues\",\"publisher\":{\"@id\":\"https:\\\/\\\/afie-asso.fr\\\/#organization\"},\"potentialAction\":[{\"@type\":\"SearchAction\",\"target\":{\"@type\":\"EntryPoint\",\"urlTemplate\":\"https:\\\/\\\/afie-asso.fr\\\/?s={search_term_string}\"},\"query-input\":{\"@type\":\"PropertyValueSpecification\",\"valueRequired\":true,\"valueName\":\"search_term_string\"}}],\"inLanguage\":\"fr-FR\"},{\"@type\":\"Organization\",\"@id\":\"https:\\\/\\\/afie-asso.fr\\\/#organization\",\"name\":\"AFIE\",\"url\":\"https:\\\/\\\/afie-asso.fr\\\/\",\"logo\":{\"@type\":\"ImageObject\",\"inLanguage\":\"fr-FR\",\"@id\":\"https:\\\/\\\/afie-asso.fr\\\/#\\\/schema\\\/logo\\\/image\\\/\",\"url\":\"https:\\\/\\\/afie-asso.fr\\\/wp-content\\\/uploads\\\/2019\\\/05\\\/cropped-logo-AFIE-3.png\",\"contentUrl\":\"https:\\\/\\\/afie-asso.fr\\\/wp-content\\\/uploads\\\/2019\\\/05\\\/cropped-logo-AFIE-3.png\",\"width\":555,\"height\":459,\"caption\":\"AFIE\"},\"image\":{\"@id\":\"https:\\\/\\\/afie-asso.fr\\\/#\\\/schema\\\/logo\\\/image\\\/\"}},{\"@type\":\"Person\",\"@id\":\"https:\\\/\\\/afie-asso.fr\\\/#\\\/schema\\\/person\\\/d78e440b9a14e3c7ab5788d70246aefc\",\"name\":\"M\u00e9lanie\",\"image\":{\"@type\":\"ImageObject\",\"inLanguage\":\"fr-FR\",\"@id\":\"https:\\\/\\\/secure.gravatar.com\\\/avatar\\\/704150e6c505d4fc79cc0bfa42564e059c130c6990cf61ce1861eefb8ca3c0b4?s=96&d=mm&r=g\",\"url\":\"https:\\\/\\\/secure.gravatar.com\\\/avatar\\\/704150e6c505d4fc79cc0bfa42564e059c130c6990cf61ce1861eefb8ca3c0b4?s=96&d=mm&r=g\",\"contentUrl\":\"https:\\\/\\\/secure.gravatar.com\\\/avatar\\\/704150e6c505d4fc79cc0bfa42564e059c130c6990cf61ce1861eefb8ca3c0b4?s=96&d=mm&r=g\",\"caption\":\"M\u00e9lanie\"},\"url\":\"https:\\\/\\\/afie-asso.fr\\\/index.php\\\/author\\\/admin6654\\\/\"}]}<\/script>\n<!-- \/ Yoast SEO plugin. -->","yoast_head_json":{"title":"L'AFIE \u00e0 l'ONCV - AFIE","robots":{"index":"index","follow":"follow","max-snippet":"max-snippet:-1","max-image-preview":"max-image-preview:large","max-video-preview":"max-video-preview:-1"},"canonical":"https:\/\/afie-asso.fr\/index.php\/2019\/07\/16\/afie-psce-3\/","og_locale":"fr_FR","og_type":"article","og_title":"L'AFIE \u00e0 l'ONCV - AFIE","og_description":"Officiellement lanc\u00e9 en septembre 2019, l\u2019Observatoire National du Cadre de Vie (ONCV) regroupe des professionnels qui \u0153uvrent au quotidien \u00e0 la qualit\u00e9 du cadre de vie et au bien \u00eatre des citoyens, avec pour ambition de suivre leur \u00e9volution dans le temps et de proposer des pistes d\u2019am\u00e9liorations. L\u2019AFIE a \u00e9t\u00e9 invit\u00e9e \u00e0 faire partie [&hellip;]","og_url":"https:\/\/afie-asso.fr\/index.php\/2019\/07\/16\/afie-psce-3\/","og_site_name":"AFIE","article_published_time":"2019-07-16T15:06:52+00:00","article_modified_time":"2020-11-13T16:52:01+00:00","og_image":[{"width":343,"height":540,"url":"https:\/\/afie-asso.fr\/wp-content\/uploads\/2020\/06\/ONCV.png","type":"image\/png"}],"author":"M\u00e9lanie","twitter_card":"summary_large_image","twitter_misc":{"\u00c9crit par":"M\u00e9lanie","Dur\u00e9e de lecture estim\u00e9e":"1 minute"},"schema":{"@context":"https:\/\/schema.org","@graph":[{"@type":"Article","@id":"https:\/\/afie-asso.fr\/index.php\/2019\/07\/16\/afie-psce-3\/#article","isPartOf":{"@id":"https:\/\/afie-asso.fr\/index.php\/2019\/07\/16\/afie-psce-3\/"},"author":{"name":"M\u00e9lanie","@id":"https:\/\/afie-asso.fr\/#\/schema\/person\/d78e440b9a14e3c7ab5788d70246aefc"},"headline":"L&rsquo;AFIE \u00e0 l&rsquo;ONCV","datePublished":"2019-07-16T15:06:52+00:00","dateModified":"2020-11-13T16:52:01+00:00","mainEntityOfPage":{"@id":"https:\/\/afie-asso.fr\/index.php\/2019\/07\/16\/afie-psce-3\/"},"wordCount":173,"publisher":{"@id":"https:\/\/afie-asso.fr\/#organization"},"image":{"@id":"https:\/\/afie-asso.fr\/index.php\/2019\/07\/16\/afie-psce-3\/#primaryimage"},"thumbnailUrl":"https:\/\/afie-asso.fr\/wp-content\/uploads\/2020\/06\/ONCV.png","articleSection":["AFIE_y_etait"],"inLanguage":"fr-FR"},{"@type":"WebPage","@id":"https:\/\/afie-asso.fr\/index.php\/2019\/07\/16\/afie-psce-3\/","url":"https:\/\/afie-asso.fr\/index.php\/2019\/07\/16\/afie-psce-3\/","name":"L'AFIE \u00e0 l'ONCV - AFIE","isPartOf":{"@id":"https:\/\/afie-asso.fr\/#website"},"primaryImageOfPage":{"@id":"https:\/\/afie-asso.fr\/index.php\/2019\/07\/16\/afie-psce-3\/#primaryimage"},"image":{"@id":"https:\/\/afie-asso.fr\/index.php\/2019\/07\/16\/afie-psce-3\/#primaryimage"},"thumbnailUrl":"https:\/\/afie-asso.fr\/wp-content\/uploads\/2020\/06\/ONCV.png","datePublished":"2019-07-16T15:06:52+00:00","dateModified":"2020-11-13T16:52:01+00:00","breadcrumb":{"@id":"https:\/\/afie-asso.fr\/index.php\/2019\/07\/16\/afie-psce-3\/#breadcrumb"},"inLanguage":"fr-FR","potentialAction":[{"@type":"ReadAction","target":["https:\/\/afie-asso.fr\/index.php\/2019\/07\/16\/afie-psce-3\/"]}]},{"@type":"ImageObject","inLanguage":"fr-FR","@id":"https:\/\/afie-asso.fr\/index.php\/2019\/07\/16\/afie-psce-3\/#primaryimage","url":"https:\/\/afie-asso.fr\/wp-content\/uploads\/2020\/06\/ONCV.png","contentUrl":"https:\/\/afie-asso.fr\/wp-content\/uploads\/2020\/06\/ONCV.png","width":343,"height":540},{"@type":"BreadcrumbList","@id":"https:\/\/afie-asso.fr\/index.php\/2019\/07\/16\/afie-psce-3\/#breadcrumb","itemListElement":[{"@type":"ListItem","position":1,"name":"Accueil","item":"https:\/\/afie-asso.fr\/"},{"@type":"ListItem","position":2,"name":"L&rsquo;AFIE \u00e0 l&rsquo;ONCV"}]},{"@type":"WebSite","@id":"https:\/\/afie-asso.fr\/#website","url":"https:\/\/afie-asso.fr\/","name":"AFIE","description":"Association Fran\u00e7aise Interprofessionnelle des Ecologues","publisher":{"@id":"https:\/\/afie-asso.fr\/#organization"},"potentialAction":[{"@type":"SearchAction","target":{"@type":"EntryPoint","urlTemplate":"https:\/\/afie-asso.fr\/?s={search_term_string}"},"query-input":{"@type":"PropertyValueSpecification","valueRequired":true,"valueName":"search_term_string"}}],"inLanguage":"fr-FR"},{"@type":"Organization","@id":"https:\/\/afie-asso.fr\/#organization","name":"AFIE","url":"https:\/\/afie-asso.fr\/","logo":{"@type":"ImageObject","inLanguage":"fr-FR","@id":"https:\/\/afie-asso.fr\/#\/schema\/logo\/image\/","url":"https:\/\/afie-asso.fr\/wp-content\/uploads\/2019\/05\/cropped-logo-AFIE-3.png","contentUrl":"https:\/\/afie-asso.fr\/wp-content\/uploads\/2019\/05\/cropped-logo-AFIE-3.png","width":555,"height":459,"caption":"AFIE"},"image":{"@id":"https:\/\/afie-asso.fr\/#\/schema\/logo\/image\/"}},{"@type":"Person","@id":"https:\/\/afie-asso.fr\/#\/schema\/person\/d78e440b9a14e3c7ab5788d70246aefc","name":"M\u00e9lanie","image":{"@type":"ImageObject","inLanguage":"fr-FR","@id":"https:\/\/secure.gravatar.com\/avatar\/704150e6c505d4fc79cc0bfa42564e059c130c6990cf61ce1861eefb8ca3c0b4?s=96&d=mm&r=g","url":"https:\/\/secure.gravatar.com\/avatar\/704150e6c505d4fc79cc0bfa42564e059c130c6990cf61ce1861eefb8ca3c0b4?s=96&d=mm&r=g","contentUrl":"https:\/\/secure.gravatar.com\/avatar\/704150e6c505d4fc79cc0bfa42564e059c130c6990cf61ce1861eefb8ca3c0b4?s=96&d=mm&r=g","caption":"M\u00e9lanie"},"url":"https:\/\/afie-asso.fr\/index.php\/author\/admin6654\/"}]}},"rttpg_featured_image_url":{"full":["https:\/\/afie-asso.fr\/wp-content\/uploads\/2020\/06\/ONCV.png",343,540,false],"landscape":["https:\/\/afie-asso.fr\/wp-content\/uploads\/2020\/06\/ONCV.png",343,540,false],"portraits":["https:\/\/afie-asso.fr\/wp-content\/uploads\/2020\/06\/ONCV.png",343,540,false],"thumbnail":["https:\/\/afie-asso.fr\/wp-content\/uploads\/2020\/06\/ONCV-150x150.png",150,150,true],"medium":["https:\/\/afie-asso.fr\/wp-content\/uploads\/2020\/06\/ONCV-191x300.png",191,300,true],"large":["https:\/\/afie-asso.fr\/wp-content\/uploads\/2020\/06\/ONCV.png",343,540,false],"1536x1536":["https:\/\/afie-asso.fr\/wp-content\/uploads\/2020\/06\/ONCV.png",343,540,false],"2048x2048":["https:\/\/afie-asso.fr\/wp-content\/uploads\/2020\/06\/ONCV.png",343,540,false]},"rttpg_author":{"display_name":"M\u00e9lanie","author_link":"https:\/\/afie-asso.fr\/index.php\/author\/admin6654\/"},"rttpg_comment":0,"rttpg_category":"<a href=\"https:\/\/afie-asso.fr\/index.php\/category\/afie_y_etait\/\" rel=\"category tag\">AFIE_y_etait<\/a>","rttpg_excerpt":"Officiellement lanc\u00e9 en septembre 2019, l\u2019Observatoire National du Cadre de Vie (ONCV) regroupe des professionnels qui \u0153uvrent au quotidien \u00e0 la qualit\u00e9 du cadre de vie et au bien \u00eatre des citoyens, avec pour ambition de suivre leur \u00e9volution dans le temps et de proposer des pistes d\u2019am\u00e9liorations. L\u2019AFIE a \u00e9t\u00e9 invit\u00e9e \u00e0 faire partie\u2026","_links":{"self":[{"href":"https:\/\/afie-asso.fr\/index.php\/wp-json\/wp\/v2\/posts\/350","targetHints":{"allow":["GET"]}}],"collection":[{"href":"https:\/\/afie-asso.fr\/index.php\/wp-json\/wp\/v2\/posts"}],"about":[{"href":"https:\/\/afie-asso.fr\/index.php\/wp-json\/wp\/v2\/types\/post"}],"author":[{"embeddable":true,"href":"https:\/\/afie-asso.fr\/index.php\/wp-json\/wp\/v2\/users\/1"}],"replies":[{"embeddable":true,"href":"https:\/\/afie-asso.fr\/index.php\/wp-json\/wp\/v2\/comments?post=350"}],"version-history":[{"count":6,"href":"https:\/\/afie-asso.fr\/index.php\/wp-json\/wp\/v2\/posts\/350\/revisions"}],"predecessor-version":[{"id":1001,"href":"https:\/\/afie-asso.fr\/index.php\/wp-json\/wp\/v2\/posts\/350\/revisions\/1001"}],"wp:featuredmedia":[{"embeddable":true,"href":"https:\/\/afie-asso.fr\/index.php\/wp-json\/wp\/v2\/media\/693"}],"wp:attachment":[{"href":"https:\/\/afie-asso.fr\/index.php\/wp-json\/wp\/v2\/media?parent=350"}],"wp:term":[{"taxonomy":"category","embeddable":true,"href":"https:\/\/afie-asso.fr\/index.php\/wp-json\/wp\/v2\/categories?post=350"},{"taxonomy":"post_tag","embeddable":true,"href":"https:\/\/afie-asso.fr\/index.php\/wp-json\/wp\/v2\/tags?post=350"}],"curies":[{"name":"wp","href":"https:\/\/api.w.org\/{rel}","templated":true}]}}