{"id":347,"date":"2019-07-16T17:06:21","date_gmt":"2019-07-16T15:06:21","guid":{"rendered":"http:\/\/afie-asso.fr\/?p=347"},"modified":"2020-11-13T17:52:22","modified_gmt":"2020-11-13T16:52:22","slug":"afie-psce-2","status":"publish","type":"post","link":"https:\/\/afie-asso.fr\/index.php\/2019\/07\/16\/afie-psce-2\/","title":{"rendered":"L&rsquo;AFIE au comit\u00e9 de labellisation Ecojardin"},"content":{"rendered":"\n<p>L\u2019AFIE est pr\u00e9sente au comit\u00e9 de labellisation <a href=\"https:\/\/www.label-ecojardin.fr\/fr\">d\u2019EcoJardin<\/a>, qui distinguent les gestionnaires d\u2019espaces verts publics ou priv\u00e9s ayant mis en place des pratiques d\u2019entretien respectueuses de l\u2019environnement. Lors du comit\u00e9 du 29 novembre 2019, 87 nouveaux sites ont re\u00e7u le label et 17 autres ont vu leur labellisation renouvel\u00e9e pour 5 ans. Au total, ce sont plus de 500 sites qui ont \u00e9t\u00e9 labellis\u00e9s EcoJardin depuis 2012.<\/p>\n\n\n\n<p>Pour plus de d\u00e9tails, le compte-rendu du dernier comit\u00e9 est disponible dans l&rsquo;<a rel=\"noreferrer noopener\" href=\"https:\/\/afie-asso.fr\/index.php\/2020\/11\/13\/lafie-y-etait-les-comptes-rendus\/\" target=\"_blank\">Espace Adh\u00e9rents<\/a>.<\/p>\n","protected":false},"excerpt":{"rendered":"<p>L\u2019AFIE est pr\u00e9sente au comit\u00e9 de labellisation d\u2019EcoJardin, qui distinguent les gestionnaires d\u2019espaces verts publics ou priv\u00e9s ayant mis en place des pratiques d\u2019entretien respectueuses de l\u2019environnement. Lors du comit\u00e9 du 29 novembre 2019, 87 nouveaux sites ont re\u00e7u le label et 17 autres ont vu leur labellisation renouvel\u00e9e pour 5 ans. Au total, ce [&hellip;]<\/p>\n","protected":false},"author":1,"featured_media":793,"comment_status":"closed","ping_status":"open","sticky":false,"template":"","format":"standard","meta":{"footnotes":""},"categories":[20],"tags":[],"class_list":["post-347","post","type-post","status-publish","format-standard","has-post-thumbnail","hentry","category-afie_y_etait"],"yoast_head":"<!-- This site is optimized with the Yoast SEO plugin v27.4 - https:\/\/yoast.com\/product\/yoast-seo-wordpress\/ -->\n<title>L&#039;AFIE au comit\u00e9 de labellisation Ecojardin - AFIE<\/title>\n<meta name=\"robots\" content=\"index, follow, max-snippet:-1, max-image-preview:large, max-video-preview:-1\" \/>\n<link rel=\"canonical\" href=\"https:\/\/afie-asso.fr\/index.php\/2019\/07\/16\/afie-psce-2\/\" \/>\n<meta property=\"og:locale\" content=\"fr_FR\" \/>\n<meta property=\"og:type\" content=\"article\" \/>\n<meta property=\"og:title\" content=\"L&#039;AFIE au comit\u00e9 de labellisation Ecojardin - AFIE\" \/>\n<meta property=\"og:description\" content=\"L\u2019AFIE est pr\u00e9sente au comit\u00e9 de labellisation d\u2019EcoJardin, qui distinguent les gestionnaires d\u2019espaces verts publics ou priv\u00e9s ayant mis en place des pratiques d\u2019entretien respectueuses de l\u2019environnement. Lors du comit\u00e9 du 29 novembre 2019, 87 nouveaux sites ont re\u00e7u le label et 17 autres ont vu leur labellisation renouvel\u00e9e pour 5 ans. Au total, ce [&hellip;]\" \/>\n<meta property=\"og:url\" content=\"https:\/\/afie-asso.fr\/index.php\/2019\/07\/16\/afie-psce-2\/\" \/>\n<meta property=\"og:site_name\" content=\"AFIE\" \/>\n<meta property=\"article:published_time\" content=\"2019-07-16T15:06:21+00:00\" \/>\n<meta property=\"article:modified_time\" content=\"2020-11-13T16:52:22+00:00\" \/>\n<meta property=\"og:image\" content=\"https:\/\/afie-asso.fr\/wp-content\/uploads\/2020\/06\/Eco-Jardins-1.png\" \/>\n\t<meta property=\"og:image:width\" content=\"304\" \/>\n\t<meta property=\"og:image:height\" content=\"166\" \/>\n\t<meta property=\"og:image:type\" content=\"image\/png\" \/>\n<meta name=\"author\" content=\"M\u00e9lanie\" \/>\n<meta name=\"twitter:card\" content=\"summary_large_image\" \/>\n<meta name=\"twitter:label1\" content=\"\u00c9crit par\" \/>\n\t<meta name=\"twitter:data1\" content=\"M\u00e9lanie\" \/>\n<script type=\"application\/ld+json\" class=\"yoast-schema-graph\">{\"@context\":\"https:\\\/\\\/schema.org\",\"@graph\":[{\"@type\":\"Article\",\"@id\":\"https:\\\/\\\/afie-asso.fr\\\/index.php\\\/2019\\\/07\\\/16\\\/afie-psce-2\\\/#article\",\"isPartOf\":{\"@id\":\"https:\\\/\\\/afie-asso.fr\\\/index.php\\\/2019\\\/07\\\/16\\\/afie-psce-2\\\/\"},\"author\":{\"name\":\"M\u00e9lanie\",\"@id\":\"https:\\\/\\\/afie-asso.fr\\\/#\\\/schema\\\/person\\\/d78e440b9a14e3c7ab5788d70246aefc\"},\"headline\":\"L&rsquo;AFIE au comit\u00e9 de labellisation Ecojardin\",\"datePublished\":\"2019-07-16T15:06:21+00:00\",\"dateModified\":\"2020-11-13T16:52:22+00:00\",\"mainEntityOfPage\":{\"@id\":\"https:\\\/\\\/afie-asso.fr\\\/index.php\\\/2019\\\/07\\\/16\\\/afie-psce-2\\\/\"},\"wordCount\":94,\"publisher\":{\"@id\":\"https:\\\/\\\/afie-asso.fr\\\/#organization\"},\"image\":{\"@id\":\"https:\\\/\\\/afie-asso.fr\\\/index.php\\\/2019\\\/07\\\/16\\\/afie-psce-2\\\/#primaryimage\"},\"thumbnailUrl\":\"https:\\\/\\\/afie-asso.fr\\\/wp-content\\\/uploads\\\/2020\\\/06\\\/Eco-Jardins-1.png\",\"articleSection\":[\"AFIE_y_etait\"],\"inLanguage\":\"fr-FR\"},{\"@type\":\"WebPage\",\"@id\":\"https:\\\/\\\/afie-asso.fr\\\/index.php\\\/2019\\\/07\\\/16\\\/afie-psce-2\\\/\",\"url\":\"https:\\\/\\\/afie-asso.fr\\\/index.php\\\/2019\\\/07\\\/16\\\/afie-psce-2\\\/\",\"name\":\"L'AFIE au comit\u00e9 de labellisation Ecojardin - AFIE\",\"isPartOf\":{\"@id\":\"https:\\\/\\\/afie-asso.fr\\\/#website\"},\"primaryImageOfPage\":{\"@id\":\"https:\\\/\\\/afie-asso.fr\\\/index.php\\\/2019\\\/07\\\/16\\\/afie-psce-2\\\/#primaryimage\"},\"image\":{\"@id\":\"https:\\\/\\\/afie-asso.fr\\\/index.php\\\/2019\\\/07\\\/16\\\/afie-psce-2\\\/#primaryimage\"},\"thumbnailUrl\":\"https:\\\/\\\/afie-asso.fr\\\/wp-content\\\/uploads\\\/2020\\\/06\\\/Eco-Jardins-1.png\",\"datePublished\":\"2019-07-16T15:06:21+00:00\",\"dateModified\":\"2020-11-13T16:52:22+00:00\",\"breadcrumb\":{\"@id\":\"https:\\\/\\\/afie-asso.fr\\\/index.php\\\/2019\\\/07\\\/16\\\/afie-psce-2\\\/#breadcrumb\"},\"inLanguage\":\"fr-FR\",\"potentialAction\":[{\"@type\":\"ReadAction\",\"target\":[\"https:\\\/\\\/afie-asso.fr\\\/index.php\\\/2019\\\/07\\\/16\\\/afie-psce-2\\\/\"]}]},{\"@type\":\"ImageObject\",\"inLanguage\":\"fr-FR\",\"@id\":\"https:\\\/\\\/afie-asso.fr\\\/index.php\\\/2019\\\/07\\\/16\\\/afie-psce-2\\\/#primaryimage\",\"url\":\"https:\\\/\\\/afie-asso.fr\\\/wp-content\\\/uploads\\\/2020\\\/06\\\/Eco-Jardins-1.png\",\"contentUrl\":\"https:\\\/\\\/afie-asso.fr\\\/wp-content\\\/uploads\\\/2020\\\/06\\\/Eco-Jardins-1.png\",\"width\":304,\"height\":166},{\"@type\":\"BreadcrumbList\",\"@id\":\"https:\\\/\\\/afie-asso.fr\\\/index.php\\\/2019\\\/07\\\/16\\\/afie-psce-2\\\/#breadcrumb\",\"itemListElement\":[{\"@type\":\"ListItem\",\"position\":1,\"name\":\"Accueil\",\"item\":\"https:\\\/\\\/afie-asso.fr\\\/\"},{\"@type\":\"ListItem\",\"position\":2,\"name\":\"L&rsquo;AFIE au comit\u00e9 de labellisation Ecojardin\"}]},{\"@type\":\"WebSite\",\"@id\":\"https:\\\/\\\/afie-asso.fr\\\/#website\",\"url\":\"https:\\\/\\\/afie-asso.fr\\\/\",\"name\":\"AFIE\",\"description\":\"Association Fran\u00e7aise Interprofessionnelle des Ecologues\",\"publisher\":{\"@id\":\"https:\\\/\\\/afie-asso.fr\\\/#organization\"},\"potentialAction\":[{\"@type\":\"SearchAction\",\"target\":{\"@type\":\"EntryPoint\",\"urlTemplate\":\"https:\\\/\\\/afie-asso.fr\\\/?s={search_term_string}\"},\"query-input\":{\"@type\":\"PropertyValueSpecification\",\"valueRequired\":true,\"valueName\":\"search_term_string\"}}],\"inLanguage\":\"fr-FR\"},{\"@type\":\"Organization\",\"@id\":\"https:\\\/\\\/afie-asso.fr\\\/#organization\",\"name\":\"AFIE\",\"url\":\"https:\\\/\\\/afie-asso.fr\\\/\",\"logo\":{\"@type\":\"ImageObject\",\"inLanguage\":\"fr-FR\",\"@id\":\"https:\\\/\\\/afie-asso.fr\\\/#\\\/schema\\\/logo\\\/image\\\/\",\"url\":\"https:\\\/\\\/afie-asso.fr\\\/wp-content\\\/uploads\\\/2019\\\/05\\\/cropped-logo-AFIE-3.png\",\"contentUrl\":\"https:\\\/\\\/afie-asso.fr\\\/wp-content\\\/uploads\\\/2019\\\/05\\\/cropped-logo-AFIE-3.png\",\"width\":555,\"height\":459,\"caption\":\"AFIE\"},\"image\":{\"@id\":\"https:\\\/\\\/afie-asso.fr\\\/#\\\/schema\\\/logo\\\/image\\\/\"}},{\"@type\":\"Person\",\"@id\":\"https:\\\/\\\/afie-asso.fr\\\/#\\\/schema\\\/person\\\/d78e440b9a14e3c7ab5788d70246aefc\",\"name\":\"M\u00e9lanie\",\"image\":{\"@type\":\"ImageObject\",\"inLanguage\":\"fr-FR\",\"@id\":\"https:\\\/\\\/secure.gravatar.com\\\/avatar\\\/704150e6c505d4fc79cc0bfa42564e059c130c6990cf61ce1861eefb8ca3c0b4?s=96&d=mm&r=g\",\"url\":\"https:\\\/\\\/secure.gravatar.com\\\/avatar\\\/704150e6c505d4fc79cc0bfa42564e059c130c6990cf61ce1861eefb8ca3c0b4?s=96&d=mm&r=g\",\"contentUrl\":\"https:\\\/\\\/secure.gravatar.com\\\/avatar\\\/704150e6c505d4fc79cc0bfa42564e059c130c6990cf61ce1861eefb8ca3c0b4?s=96&d=mm&r=g\",\"caption\":\"M\u00e9lanie\"},\"url\":\"https:\\\/\\\/afie-asso.fr\\\/index.php\\\/author\\\/admin6654\\\/\"}]}<\/script>\n<!-- \/ Yoast SEO plugin. -->","yoast_head_json":{"title":"L'AFIE au comit\u00e9 de labellisation Ecojardin - AFIE","robots":{"index":"index","follow":"follow","max-snippet":"max-snippet:-1","max-image-preview":"max-image-preview:large","max-video-preview":"max-video-preview:-1"},"canonical":"https:\/\/afie-asso.fr\/index.php\/2019\/07\/16\/afie-psce-2\/","og_locale":"fr_FR","og_type":"article","og_title":"L'AFIE au comit\u00e9 de labellisation Ecojardin - AFIE","og_description":"L\u2019AFIE est pr\u00e9sente au comit\u00e9 de labellisation d\u2019EcoJardin, qui distinguent les gestionnaires d\u2019espaces verts publics ou priv\u00e9s ayant mis en place des pratiques d\u2019entretien respectueuses de l\u2019environnement. Lors du comit\u00e9 du 29 novembre 2019, 87 nouveaux sites ont re\u00e7u le label et 17 autres ont vu leur labellisation renouvel\u00e9e pour 5 ans. Au total, ce [&hellip;]","og_url":"https:\/\/afie-asso.fr\/index.php\/2019\/07\/16\/afie-psce-2\/","og_site_name":"AFIE","article_published_time":"2019-07-16T15:06:21+00:00","article_modified_time":"2020-11-13T16:52:22+00:00","og_image":[{"width":304,"height":166,"url":"https:\/\/afie-asso.fr\/wp-content\/uploads\/2020\/06\/Eco-Jardins-1.png","type":"image\/png"}],"author":"M\u00e9lanie","twitter_card":"summary_large_image","twitter_misc":{"\u00c9crit par":"M\u00e9lanie"},"schema":{"@context":"https:\/\/schema.org","@graph":[{"@type":"Article","@id":"https:\/\/afie-asso.fr\/index.php\/2019\/07\/16\/afie-psce-2\/#article","isPartOf":{"@id":"https:\/\/afie-asso.fr\/index.php\/2019\/07\/16\/afie-psce-2\/"},"author":{"name":"M\u00e9lanie","@id":"https:\/\/afie-asso.fr\/#\/schema\/person\/d78e440b9a14e3c7ab5788d70246aefc"},"headline":"L&rsquo;AFIE au comit\u00e9 de labellisation Ecojardin","datePublished":"2019-07-16T15:06:21+00:00","dateModified":"2020-11-13T16:52:22+00:00","mainEntityOfPage":{"@id":"https:\/\/afie-asso.fr\/index.php\/2019\/07\/16\/afie-psce-2\/"},"wordCount":94,"publisher":{"@id":"https:\/\/afie-asso.fr\/#organization"},"image":{"@id":"https:\/\/afie-asso.fr\/index.php\/2019\/07\/16\/afie-psce-2\/#primaryimage"},"thumbnailUrl":"https:\/\/afie-asso.fr\/wp-content\/uploads\/2020\/06\/Eco-Jardins-1.png","articleSection":["AFIE_y_etait"],"inLanguage":"fr-FR"},{"@type":"WebPage","@id":"https:\/\/afie-asso.fr\/index.php\/2019\/07\/16\/afie-psce-2\/","url":"https:\/\/afie-asso.fr\/index.php\/2019\/07\/16\/afie-psce-2\/","name":"L'AFIE au comit\u00e9 de labellisation Ecojardin - AFIE","isPartOf":{"@id":"https:\/\/afie-asso.fr\/#website"},"primaryImageOfPage":{"@id":"https:\/\/afie-asso.fr\/index.php\/2019\/07\/16\/afie-psce-2\/#primaryimage"},"image":{"@id":"https:\/\/afie-asso.fr\/index.php\/2019\/07\/16\/afie-psce-2\/#primaryimage"},"thumbnailUrl":"https:\/\/afie-asso.fr\/wp-content\/uploads\/2020\/06\/Eco-Jardins-1.png","datePublished":"2019-07-16T15:06:21+00:00","dateModified":"2020-11-13T16:52:22+00:00","breadcrumb":{"@id":"https:\/\/afie-asso.fr\/index.php\/2019\/07\/16\/afie-psce-2\/#breadcrumb"},"inLanguage":"fr-FR","potentialAction":[{"@type":"ReadAction","target":["https:\/\/afie-asso.fr\/index.php\/2019\/07\/16\/afie-psce-2\/"]}]},{"@type":"ImageObject","inLanguage":"fr-FR","@id":"https:\/\/afie-asso.fr\/index.php\/2019\/07\/16\/afie-psce-2\/#primaryimage","url":"https:\/\/afie-asso.fr\/wp-content\/uploads\/2020\/06\/Eco-Jardins-1.png","contentUrl":"https:\/\/afie-asso.fr\/wp-content\/uploads\/2020\/06\/Eco-Jardins-1.png","width":304,"height":166},{"@type":"BreadcrumbList","@id":"https:\/\/afie-asso.fr\/index.php\/2019\/07\/16\/afie-psce-2\/#breadcrumb","itemListElement":[{"@type":"ListItem","position":1,"name":"Accueil","item":"https:\/\/afie-asso.fr\/"},{"@type":"ListItem","position":2,"name":"L&rsquo;AFIE au comit\u00e9 de labellisation Ecojardin"}]},{"@type":"WebSite","@id":"https:\/\/afie-asso.fr\/#website","url":"https:\/\/afie-asso.fr\/","name":"AFIE","description":"Association Fran\u00e7aise Interprofessionnelle des Ecologues","publisher":{"@id":"https:\/\/afie-asso.fr\/#organization"},"potentialAction":[{"@type":"SearchAction","target":{"@type":"EntryPoint","urlTemplate":"https:\/\/afie-asso.fr\/?s={search_term_string}"},"query-input":{"@type":"PropertyValueSpecification","valueRequired":true,"valueName":"search_term_string"}}],"inLanguage":"fr-FR"},{"@type":"Organization","@id":"https:\/\/afie-asso.fr\/#organization","name":"AFIE","url":"https:\/\/afie-asso.fr\/","logo":{"@type":"ImageObject","inLanguage":"fr-FR","@id":"https:\/\/afie-asso.fr\/#\/schema\/logo\/image\/","url":"https:\/\/afie-asso.fr\/wp-content\/uploads\/2019\/05\/cropped-logo-AFIE-3.png","contentUrl":"https:\/\/afie-asso.fr\/wp-content\/uploads\/2019\/05\/cropped-logo-AFIE-3.png","width":555,"height":459,"caption":"AFIE"},"image":{"@id":"https:\/\/afie-asso.fr\/#\/schema\/logo\/image\/"}},{"@type":"Person","@id":"https:\/\/afie-asso.fr\/#\/schema\/person\/d78e440b9a14e3c7ab5788d70246aefc","name":"M\u00e9lanie","image":{"@type":"ImageObject","inLanguage":"fr-FR","@id":"https:\/\/secure.gravatar.com\/avatar\/704150e6c505d4fc79cc0bfa42564e059c130c6990cf61ce1861eefb8ca3c0b4?s=96&d=mm&r=g","url":"https:\/\/secure.gravatar.com\/avatar\/704150e6c505d4fc79cc0bfa42564e059c130c6990cf61ce1861eefb8ca3c0b4?s=96&d=mm&r=g","contentUrl":"https:\/\/secure.gravatar.com\/avatar\/704150e6c505d4fc79cc0bfa42564e059c130c6990cf61ce1861eefb8ca3c0b4?s=96&d=mm&r=g","caption":"M\u00e9lanie"},"url":"https:\/\/afie-asso.fr\/index.php\/author\/admin6654\/"}]}},"rttpg_featured_image_url":{"full":["https:\/\/afie-asso.fr\/wp-content\/uploads\/2020\/06\/Eco-Jardins-1.png",304,166,false],"landscape":["https:\/\/afie-asso.fr\/wp-content\/uploads\/2020\/06\/Eco-Jardins-1.png",304,166,false],"portraits":["https:\/\/afie-asso.fr\/wp-content\/uploads\/2020\/06\/Eco-Jardins-1.png",304,166,false],"thumbnail":["https:\/\/afie-asso.fr\/wp-content\/uploads\/2020\/06\/Eco-Jardins-1-150x150.png",150,150,true],"medium":["https:\/\/afie-asso.fr\/wp-content\/uploads\/2020\/06\/Eco-Jardins-1-300x164.png",300,164,true],"large":["https:\/\/afie-asso.fr\/wp-content\/uploads\/2020\/06\/Eco-Jardins-1.png",304,166,false],"1536x1536":["https:\/\/afie-asso.fr\/wp-content\/uploads\/2020\/06\/Eco-Jardins-1.png",304,166,false],"2048x2048":["https:\/\/afie-asso.fr\/wp-content\/uploads\/2020\/06\/Eco-Jardins-1.png",304,166,false]},"rttpg_author":{"display_name":"M\u00e9lanie","author_link":"https:\/\/afie-asso.fr\/index.php\/author\/admin6654\/"},"rttpg_comment":0,"rttpg_category":"<a href=\"https:\/\/afie-asso.fr\/index.php\/category\/afie_y_etait\/\" rel=\"category tag\">AFIE_y_etait<\/a>","rttpg_excerpt":"L\u2019AFIE est pr\u00e9sente au comit\u00e9 de labellisation d\u2019EcoJardin, qui distinguent les gestionnaires d\u2019espaces verts publics ou priv\u00e9s ayant mis en place des pratiques d\u2019entretien respectueuses de l\u2019environnement. Lors du comit\u00e9 du 29 novembre 2019, 87 nouveaux sites ont re\u00e7u le label et 17 autres ont vu leur labellisation renouvel\u00e9e pour 5 ans. Au total, ce\u2026","_links":{"self":[{"href":"https:\/\/afie-asso.fr\/index.php\/wp-json\/wp\/v2\/posts\/347","targetHints":{"allow":["GET"]}}],"collection":[{"href":"https:\/\/afie-asso.fr\/index.php\/wp-json\/wp\/v2\/posts"}],"about":[{"href":"https:\/\/afie-asso.fr\/index.php\/wp-json\/wp\/v2\/types\/post"}],"author":[{"embeddable":true,"href":"https:\/\/afie-asso.fr\/index.php\/wp-json\/wp\/v2\/users\/1"}],"replies":[{"embeddable":true,"href":"https:\/\/afie-asso.fr\/index.php\/wp-json\/wp\/v2\/comments?post=347"}],"version-history":[{"count":4,"href":"https:\/\/afie-asso.fr\/index.php\/wp-json\/wp\/v2\/posts\/347\/revisions"}],"predecessor-version":[{"id":1002,"href":"https:\/\/afie-asso.fr\/index.php\/wp-json\/wp\/v2\/posts\/347\/revisions\/1002"}],"wp:featuredmedia":[{"embeddable":true,"href":"https:\/\/afie-asso.fr\/index.php\/wp-json\/wp\/v2\/media\/793"}],"wp:attachment":[{"href":"https:\/\/afie-asso.fr\/index.php\/wp-json\/wp\/v2\/media?parent=347"}],"wp:term":[{"taxonomy":"category","embeddable":true,"href":"https:\/\/afie-asso.fr\/index.php\/wp-json\/wp\/v2\/categories?post=347"},{"taxonomy":"post_tag","embeddable":true,"href":"https:\/\/afie-asso.fr\/index.php\/wp-json\/wp\/v2\/tags?post=347"}],"curies":[{"name":"wp","href":"https:\/\/api.w.org\/{rel}","templated":true}]}}