{"id":292,"date":"2019-07-16T13:26:06","date_gmt":"2019-07-16T11:26:06","guid":{"rendered":"http:\/\/afie-asso.fr\/?p=292"},"modified":"2024-02-29T16:17:07","modified_gmt":"2024-02-29T15:17:07","slug":"flore","status":"publish","type":"post","link":"https:\/\/afie-asso.fr\/index.php\/2019\/07\/16\/flore\/","title":{"rendered":"Flore"},"content":{"rendered":"\n<p>&nbsp;Plantes envahissantes&nbsp;: guide d\u2019identification des principales esp\u00e8ces aquatiques et de berges en Provence et Languedoc&nbsp;: Le guide de terrain paru en 2009 est d\u00e9sormais disponible en t\u00e9l\u00e9chargement et en bonne qualit\u00e9 <a href=\"http:\/\/www.tela-botanica.org\/actu\/article4601.html\" target=\"_blank\" rel=\"noreferrer noopener\">http:\/\/www.tela-botanica.org\/actu\/article4601.html<\/a><\/p>\n\n\n\n<p>&nbsp;<a href=\"http:\/\/centrederessources-loirenature.com\/home.php?num_niv_1=1&amp;num_niv_2=4&amp;num_niv_3=11&amp;num_niv_4=58\" target=\"_blank\" rel=\"noreferrer noopener\">Plantes exotiques envahissantes du Bassin Loire-Bretagne<\/a>&nbsp;: guide d\u2019identification et manuel de gestion<\/p>\n\n\n\n<p>&nbsp;<a href=\"http:\/\/www.tela-botanica.org\/page:Phyto_Delpech_Methode\" target=\"_blank\" rel=\"noreferrer noopener\">M\u00e9thode pratique (Tela botanicae)<\/a> (site web)<\/p>\n\n\n\n<p><\/p>\n","protected":false},"excerpt":{"rendered":"<p>&nbsp;Plantes envahissantes&nbsp;: guide d\u2019identification des principales esp\u00e8ces aquatiques et de berges en Provence et Languedoc&nbsp;: Le guide de terrain paru en 2009 est d\u00e9sormais disponible en t\u00e9l\u00e9chargement et en bonne qualit\u00e9 http:\/\/www.tela-botanica.org\/actu\/article4601.html &nbsp;Plantes exotiques envahissantes du Bassin Loire-Bretagne&nbsp;: guide d\u2019identification et manuel de gestion &nbsp;M\u00e9thode pratique (Tela botanicae) (site web)<\/p>\n","protected":false},"author":1,"featured_media":0,"comment_status":"closed","ping_status":"open","sticky":false,"template":"","format":"standard","meta":{"footnotes":""},"categories":[5],"tags":[],"class_list":["post-292","post","type-post","status-publish","format-standard","hentry","category-ressources_documentaires"],"yoast_head":"<!-- This site is optimized with the Yoast SEO plugin v27.5 - https:\/\/yoast.com\/product\/yoast-seo-wordpress\/ -->\n<title>Flore - AFIE<\/title>\n<meta name=\"robots\" content=\"index, follow, max-snippet:-1, max-image-preview:large, max-video-preview:-1\" \/>\n<link rel=\"canonical\" href=\"https:\/\/afie-asso.fr\/index.php\/2019\/07\/16\/flore\/\" \/>\n<meta property=\"og:locale\" content=\"fr_FR\" \/>\n<meta property=\"og:type\" content=\"article\" \/>\n<meta property=\"og:title\" content=\"Flore - AFIE\" \/>\n<meta property=\"og:description\" content=\"&nbsp;Plantes envahissantes&nbsp;: guide d\u2019identification des principales esp\u00e8ces aquatiques et de berges en Provence et Languedoc&nbsp;: Le guide de terrain paru en 2009 est d\u00e9sormais disponible en t\u00e9l\u00e9chargement et en bonne qualit\u00e9 http:\/\/www.tela-botanica.org\/actu\/article4601.html &nbsp;Plantes exotiques envahissantes du Bassin Loire-Bretagne&nbsp;: guide d\u2019identification et manuel de gestion &nbsp;M\u00e9thode pratique (Tela botanicae) (site web)\" \/>\n<meta property=\"og:url\" content=\"https:\/\/afie-asso.fr\/index.php\/2019\/07\/16\/flore\/\" \/>\n<meta property=\"og:site_name\" content=\"AFIE\" \/>\n<meta property=\"article:published_time\" content=\"2019-07-16T11:26:06+00:00\" \/>\n<meta property=\"article:modified_time\" content=\"2024-02-29T15:17:07+00:00\" \/>\n<meta name=\"author\" content=\"M\u00e9lanie\" \/>\n<meta name=\"twitter:card\" content=\"summary_large_image\" \/>\n<meta name=\"twitter:label1\" content=\"\u00c9crit par\" \/>\n\t<meta name=\"twitter:data1\" content=\"M\u00e9lanie\" \/>\n<script type=\"application\/ld+json\" class=\"yoast-schema-graph\">{\"@context\":\"https:\\\/\\\/schema.org\",\"@graph\":[{\"@type\":\"Article\",\"@id\":\"https:\\\/\\\/afie-asso.fr\\\/index.php\\\/2019\\\/07\\\/16\\\/flore\\\/#article\",\"isPartOf\":{\"@id\":\"https:\\\/\\\/afie-asso.fr\\\/index.php\\\/2019\\\/07\\\/16\\\/flore\\\/\"},\"author\":{\"name\":\"M\u00e9lanie\",\"@id\":\"https:\\\/\\\/afie-asso.fr\\\/#\\\/schema\\\/person\\\/d78e440b9a14e3c7ab5788d70246aefc\"},\"headline\":\"Flore\",\"datePublished\":\"2019-07-16T11:26:06+00:00\",\"dateModified\":\"2024-02-29T15:17:07+00:00\",\"mainEntityOfPage\":{\"@id\":\"https:\\\/\\\/afie-asso.fr\\\/index.php\\\/2019\\\/07\\\/16\\\/flore\\\/\"},\"wordCount\":69,\"publisher\":{\"@id\":\"https:\\\/\\\/afie-asso.fr\\\/#organization\"},\"articleSection\":[\"ressources_documentaires\"],\"inLanguage\":\"fr-FR\"},{\"@type\":\"WebPage\",\"@id\":\"https:\\\/\\\/afie-asso.fr\\\/index.php\\\/2019\\\/07\\\/16\\\/flore\\\/\",\"url\":\"https:\\\/\\\/afie-asso.fr\\\/index.php\\\/2019\\\/07\\\/16\\\/flore\\\/\",\"name\":\"Flore - AFIE\",\"isPartOf\":{\"@id\":\"https:\\\/\\\/afie-asso.fr\\\/#website\"},\"datePublished\":\"2019-07-16T11:26:06+00:00\",\"dateModified\":\"2024-02-29T15:17:07+00:00\",\"breadcrumb\":{\"@id\":\"https:\\\/\\\/afie-asso.fr\\\/index.php\\\/2019\\\/07\\\/16\\\/flore\\\/#breadcrumb\"},\"inLanguage\":\"fr-FR\",\"potentialAction\":[{\"@type\":\"ReadAction\",\"target\":[\"https:\\\/\\\/afie-asso.fr\\\/index.php\\\/2019\\\/07\\\/16\\\/flore\\\/\"]}]},{\"@type\":\"BreadcrumbList\",\"@id\":\"https:\\\/\\\/afie-asso.fr\\\/index.php\\\/2019\\\/07\\\/16\\\/flore\\\/#breadcrumb\",\"itemListElement\":[{\"@type\":\"ListItem\",\"position\":1,\"name\":\"Accueil\",\"item\":\"https:\\\/\\\/afie-asso.fr\\\/\"},{\"@type\":\"ListItem\",\"position\":2,\"name\":\"Flore\"}]},{\"@type\":\"WebSite\",\"@id\":\"https:\\\/\\\/afie-asso.fr\\\/#website\",\"url\":\"https:\\\/\\\/afie-asso.fr\\\/\",\"name\":\"AFIE\",\"description\":\"Association Fran\u00e7aise Interprofessionnelle des Ecologues\",\"publisher\":{\"@id\":\"https:\\\/\\\/afie-asso.fr\\\/#organization\"},\"potentialAction\":[{\"@type\":\"SearchAction\",\"target\":{\"@type\":\"EntryPoint\",\"urlTemplate\":\"https:\\\/\\\/afie-asso.fr\\\/?s={search_term_string}\"},\"query-input\":{\"@type\":\"PropertyValueSpecification\",\"valueRequired\":true,\"valueName\":\"search_term_string\"}}],\"inLanguage\":\"fr-FR\"},{\"@type\":\"Organization\",\"@id\":\"https:\\\/\\\/afie-asso.fr\\\/#organization\",\"name\":\"AFIE\",\"url\":\"https:\\\/\\\/afie-asso.fr\\\/\",\"logo\":{\"@type\":\"ImageObject\",\"inLanguage\":\"fr-FR\",\"@id\":\"https:\\\/\\\/afie-asso.fr\\\/#\\\/schema\\\/logo\\\/image\\\/\",\"url\":\"https:\\\/\\\/afie-asso.fr\\\/wp-content\\\/uploads\\\/2019\\\/05\\\/cropped-logo-AFIE-3.png\",\"contentUrl\":\"https:\\\/\\\/afie-asso.fr\\\/wp-content\\\/uploads\\\/2019\\\/05\\\/cropped-logo-AFIE-3.png\",\"width\":555,\"height\":459,\"caption\":\"AFIE\"},\"image\":{\"@id\":\"https:\\\/\\\/afie-asso.fr\\\/#\\\/schema\\\/logo\\\/image\\\/\"}},{\"@type\":\"Person\",\"@id\":\"https:\\\/\\\/afie-asso.fr\\\/#\\\/schema\\\/person\\\/d78e440b9a14e3c7ab5788d70246aefc\",\"name\":\"M\u00e9lanie\",\"image\":{\"@type\":\"ImageObject\",\"inLanguage\":\"fr-FR\",\"@id\":\"https:\\\/\\\/secure.gravatar.com\\\/avatar\\\/704150e6c505d4fc79cc0bfa42564e059c130c6990cf61ce1861eefb8ca3c0b4?s=96&d=mm&r=g\",\"url\":\"https:\\\/\\\/secure.gravatar.com\\\/avatar\\\/704150e6c505d4fc79cc0bfa42564e059c130c6990cf61ce1861eefb8ca3c0b4?s=96&d=mm&r=g\",\"contentUrl\":\"https:\\\/\\\/secure.gravatar.com\\\/avatar\\\/704150e6c505d4fc79cc0bfa42564e059c130c6990cf61ce1861eefb8ca3c0b4?s=96&d=mm&r=g\",\"caption\":\"M\u00e9lanie\"},\"url\":\"https:\\\/\\\/afie-asso.fr\\\/index.php\\\/author\\\/admin6654\\\/\"}]}<\/script>\n<!-- \/ Yoast SEO plugin. -->","yoast_head_json":{"title":"Flore - AFIE","robots":{"index":"index","follow":"follow","max-snippet":"max-snippet:-1","max-image-preview":"max-image-preview:large","max-video-preview":"max-video-preview:-1"},"canonical":"https:\/\/afie-asso.fr\/index.php\/2019\/07\/16\/flore\/","og_locale":"fr_FR","og_type":"article","og_title":"Flore - AFIE","og_description":"&nbsp;Plantes envahissantes&nbsp;: guide d\u2019identification des principales esp\u00e8ces aquatiques et de berges en Provence et Languedoc&nbsp;: Le guide de terrain paru en 2009 est d\u00e9sormais disponible en t\u00e9l\u00e9chargement et en bonne qualit\u00e9 http:\/\/www.tela-botanica.org\/actu\/article4601.html &nbsp;Plantes exotiques envahissantes du Bassin Loire-Bretagne&nbsp;: guide d\u2019identification et manuel de gestion &nbsp;M\u00e9thode pratique (Tela botanicae) (site web)","og_url":"https:\/\/afie-asso.fr\/index.php\/2019\/07\/16\/flore\/","og_site_name":"AFIE","article_published_time":"2019-07-16T11:26:06+00:00","article_modified_time":"2024-02-29T15:17:07+00:00","author":"M\u00e9lanie","twitter_card":"summary_large_image","twitter_misc":{"\u00c9crit par":"M\u00e9lanie"},"schema":{"@context":"https:\/\/schema.org","@graph":[{"@type":"Article","@id":"https:\/\/afie-asso.fr\/index.php\/2019\/07\/16\/flore\/#article","isPartOf":{"@id":"https:\/\/afie-asso.fr\/index.php\/2019\/07\/16\/flore\/"},"author":{"name":"M\u00e9lanie","@id":"https:\/\/afie-asso.fr\/#\/schema\/person\/d78e440b9a14e3c7ab5788d70246aefc"},"headline":"Flore","datePublished":"2019-07-16T11:26:06+00:00","dateModified":"2024-02-29T15:17:07+00:00","mainEntityOfPage":{"@id":"https:\/\/afie-asso.fr\/index.php\/2019\/07\/16\/flore\/"},"wordCount":69,"publisher":{"@id":"https:\/\/afie-asso.fr\/#organization"},"articleSection":["ressources_documentaires"],"inLanguage":"fr-FR"},{"@type":"WebPage","@id":"https:\/\/afie-asso.fr\/index.php\/2019\/07\/16\/flore\/","url":"https:\/\/afie-asso.fr\/index.php\/2019\/07\/16\/flore\/","name":"Flore - AFIE","isPartOf":{"@id":"https:\/\/afie-asso.fr\/#website"},"datePublished":"2019-07-16T11:26:06+00:00","dateModified":"2024-02-29T15:17:07+00:00","breadcrumb":{"@id":"https:\/\/afie-asso.fr\/index.php\/2019\/07\/16\/flore\/#breadcrumb"},"inLanguage":"fr-FR","potentialAction":[{"@type":"ReadAction","target":["https:\/\/afie-asso.fr\/index.php\/2019\/07\/16\/flore\/"]}]},{"@type":"BreadcrumbList","@id":"https:\/\/afie-asso.fr\/index.php\/2019\/07\/16\/flore\/#breadcrumb","itemListElement":[{"@type":"ListItem","position":1,"name":"Accueil","item":"https:\/\/afie-asso.fr\/"},{"@type":"ListItem","position":2,"name":"Flore"}]},{"@type":"WebSite","@id":"https:\/\/afie-asso.fr\/#website","url":"https:\/\/afie-asso.fr\/","name":"AFIE","description":"Association Fran\u00e7aise Interprofessionnelle des Ecologues","publisher":{"@id":"https:\/\/afie-asso.fr\/#organization"},"potentialAction":[{"@type":"SearchAction","target":{"@type":"EntryPoint","urlTemplate":"https:\/\/afie-asso.fr\/?s={search_term_string}"},"query-input":{"@type":"PropertyValueSpecification","valueRequired":true,"valueName":"search_term_string"}}],"inLanguage":"fr-FR"},{"@type":"Organization","@id":"https:\/\/afie-asso.fr\/#organization","name":"AFIE","url":"https:\/\/afie-asso.fr\/","logo":{"@type":"ImageObject","inLanguage":"fr-FR","@id":"https:\/\/afie-asso.fr\/#\/schema\/logo\/image\/","url":"https:\/\/afie-asso.fr\/wp-content\/uploads\/2019\/05\/cropped-logo-AFIE-3.png","contentUrl":"https:\/\/afie-asso.fr\/wp-content\/uploads\/2019\/05\/cropped-logo-AFIE-3.png","width":555,"height":459,"caption":"AFIE"},"image":{"@id":"https:\/\/afie-asso.fr\/#\/schema\/logo\/image\/"}},{"@type":"Person","@id":"https:\/\/afie-asso.fr\/#\/schema\/person\/d78e440b9a14e3c7ab5788d70246aefc","name":"M\u00e9lanie","image":{"@type":"ImageObject","inLanguage":"fr-FR","@id":"https:\/\/secure.gravatar.com\/avatar\/704150e6c505d4fc79cc0bfa42564e059c130c6990cf61ce1861eefb8ca3c0b4?s=96&d=mm&r=g","url":"https:\/\/secure.gravatar.com\/avatar\/704150e6c505d4fc79cc0bfa42564e059c130c6990cf61ce1861eefb8ca3c0b4?s=96&d=mm&r=g","contentUrl":"https:\/\/secure.gravatar.com\/avatar\/704150e6c505d4fc79cc0bfa42564e059c130c6990cf61ce1861eefb8ca3c0b4?s=96&d=mm&r=g","caption":"M\u00e9lanie"},"url":"https:\/\/afie-asso.fr\/index.php\/author\/admin6654\/"}]}},"rttpg_featured_image_url":null,"rttpg_author":{"display_name":"M\u00e9lanie","author_link":"https:\/\/afie-asso.fr\/index.php\/author\/admin6654\/"},"rttpg_comment":0,"rttpg_category":"<a href=\"https:\/\/afie-asso.fr\/index.php\/category\/ressources_documentaires\/\" rel=\"category tag\">ressources_documentaires<\/a>","rttpg_excerpt":"&nbsp;Plantes envahissantes&nbsp;: guide d\u2019identification des principales esp\u00e8ces aquatiques et de berges en Provence et Languedoc&nbsp;: Le guide de terrain paru en 2009 est d\u00e9sormais disponible en t\u00e9l\u00e9chargement et en bonne qualit\u00e9 http:\/\/www.tela-botanica.org\/actu\/article4601.html &nbsp;Plantes exotiques envahissantes du Bassin Loire-Bretagne&nbsp;: guide d\u2019identification et manuel de gestion &nbsp;M\u00e9thode pratique (Tela botanicae) (site web)","_links":{"self":[{"href":"https:\/\/afie-asso.fr\/index.php\/wp-json\/wp\/v2\/posts\/292","targetHints":{"allow":["GET"]}}],"collection":[{"href":"https:\/\/afie-asso.fr\/index.php\/wp-json\/wp\/v2\/posts"}],"about":[{"href":"https:\/\/afie-asso.fr\/index.php\/wp-json\/wp\/v2\/types\/post"}],"author":[{"embeddable":true,"href":"https:\/\/afie-asso.fr\/index.php\/wp-json\/wp\/v2\/users\/1"}],"replies":[{"embeddable":true,"href":"https:\/\/afie-asso.fr\/index.php\/wp-json\/wp\/v2\/comments?post=292"}],"version-history":[{"count":2,"href":"https:\/\/afie-asso.fr\/index.php\/wp-json\/wp\/v2\/posts\/292\/revisions"}],"predecessor-version":[{"id":815,"href":"https:\/\/afie-asso.fr\/index.php\/wp-json\/wp\/v2\/posts\/292\/revisions\/815"}],"wp:attachment":[{"href":"https:\/\/afie-asso.fr\/index.php\/wp-json\/wp\/v2\/media?parent=292"}],"wp:term":[{"taxonomy":"category","embeddable":true,"href":"https:\/\/afie-asso.fr\/index.php\/wp-json\/wp\/v2\/categories?post=292"},{"taxonomy":"post_tag","embeddable":true,"href":"https:\/\/afie-asso.fr\/index.php\/wp-json\/wp\/v2\/tags?post=292"}],"curies":[{"name":"wp","href":"https:\/\/api.w.org\/{rel}","templated":true}]}}