{"id":278,"date":"2019-07-16T13:30:21","date_gmt":"2019-07-16T11:30:21","guid":{"rendered":"http:\/\/afie-asso.fr\/?p=278"},"modified":"2020-06-05T22:23:30","modified_gmt":"2020-06-05T20:23:30","slug":"etudes-dimpact","status":"publish","type":"post","link":"https:\/\/afie-asso.fr\/index.php\/2019\/07\/16\/etudes-dimpact\/","title":{"rendered":"Etudes d\u2019impact"},"content":{"rendered":"\n<p>&#8211; Site de consultation des projets soumis \u00e0 \u00e9tude d&rsquo;impact \u2013 MTES\u00a0: <a href=\"https:\/\/www.projets-environnement.gouv.fr\/pages\/home\/\" target=\"_blank\" rel=\"noreferrer noopener\">https:\/\/www.projets-environnement.gouv.fr\/pages\/home\/<\/a><\/p>\n\n\n\n<p>&#8211; Guide de l\u2019\u00e9valuation environnementale des documents d\u2019urbanisme (dossier ZIP) \u2013 Novembre 2019 \u2013 CGDD\u00a0: <a href=\"http:\/\/webissimo.developpement-durable.gouv.fr\/IMG\/zip\/guide_de_l_evaluation_environnementale_des_documents_d_urbanisme_cle5b561d.zip\" target=\"_blank\" rel=\"noreferrer noopener\">http:\/\/webissimo.developpement-durable.gouv.fr\/IMG\/zip\/guide_de_l_evaluation_environnementale_des_documents_d_urbanisme_cle5b561d.zip<\/a><\/p>\n\n\n\n<p>&#8211; Th\u00e9ma\u00a0:\u00a0L\u2019\u00e9valuation environnementale, d\u00e9marche d\u2019am\u00e9lioration des projets &#8211; Mars 2019 \u2013 CGDD\u00a0: <a href=\"https:\/\/www.ecologique-solidaire.gouv.fr\/sites\/default\/files\/Th%C3%A9ma%20-%20L%E2%80%99%C3%A9valuation%20environnementale%20d%C3%A9marche%20d%E2%80%99am%C3%A9lioration%20des%20projets.pdf\" target=\"_blank\" rel=\"noreferrer noopener\">https:\/\/www.ecologique-solidaire.gouv.fr\/sites\/default\/files\/Th%C3%A9ma%20-%20L%E2%80%99%C3%A9valuation%20environnementale%20d%C3%A9marche%20d%E2%80%99am%C3%A9lioration%20des%20projets.pdf<\/a><\/p>\n\n\n\n<p>&#8211; Th\u00e9ma\u00a0:\u00a0\u00c9valuation environnementale &#8211; Premiers \u00e9l\u00e9ments m\u00e9thodologiques sur les effets cumul\u00e9s en mer &#8211; Septembre 2017 \u2013 MTES\u00a0: <a href=\"https:\/\/www.ecologique-solidaire.gouv.fr\/sites\/default\/files\/Th%C3%A9ma%20-%20Premiers%20%C3%A9l%C3%A9ments%20m%C3%A9thodologiques%20sur%20les%20effets%20cumul%C3%A9s%20en%20mer.pdf\" target=\"_blank\" rel=\"noreferrer noopener\">https:\/\/www.ecologique-solidaire.gouv.fr\/sites\/default\/files\/Th%C3%A9ma%20-%20Premiers%20%C3%A9l%C3%A9ments%20m%C3%A9thodologiques%20sur%20les%20effets%20cumul%C3%A9s%20en%20mer.pdf<\/a><\/p>\n\n\n\n<p>&#8211; Th\u00e9ma\u00a0:\u00a0\u00c9valuation environnementale &#8211; Classification des mesures ERC &#8211; D\u00e9cembre 2019 \u2013 CGDD\u00a0: <a href=\"https:\/\/www.ecologique-solidaire.gouv.fr\/sites\/default\/files\/Th%C3%A9ma%20-%20Classification%20des%20mesures%20ERC.pdf\" target=\"_blank\" rel=\"noreferrer noopener\">https:\/\/www.ecologique-solidaire.gouv.fr\/sites\/default\/files\/Th%C3%A9ma%20-%20Classification%20des%20mesures%20ERC.pdf<\/a><\/p>\n\n\n\n<p>&#8211; Th\u00e9ma\u00a0:\u00a0\u00c9valuation environnementale &#8211; Guide de lecture de la nomenclature annex\u00e9e \u00e0 l\u2019article R. 122-2 du code de l\u2019environnement &#8211; Ao\u00fbt 2019 \u2013 CGDD\u00a0: <a href=\"https:\/\/www.ecologique-solidaire.gouv.fr\/sites\/default\/files\/Th%C3%A9ma%20-%20Le%20guide%20de%20lecture%20de%20la%20nomenclature%20annex%C3%A9e%20%C3%A0%20l'article%20R122-2%20du%20code%20de%20l'environnement.pdf\" target=\"_blank\" rel=\"noreferrer noopener\">https:\/\/www.ecologique-solidaire.gouv.fr\/sites\/default\/files\/Th%C3%A9ma%20-%20Le%20guide%20de%20lecture%20de%20la%20nomenclature%20annex%C3%A9e%20%C3%A0%20l&rsquo;article%20R122-2%20du%20code%20de%20l&rsquo;environnement.pdf<\/a><\/p>\n\n\n\n<p>&#8211; Mesures compensatoires des impacts sur les milieux naturels\u00a0: Application aux projets d\u2019infrastructures de transport\u00a0&#8211; F\u00e9vrier 2016 \u2013 Cerema\u00a0: <a href=\"https:\/\/www.cerema.fr\/fr\/centre-ressources\/boutique\/mesures-compensatoires-impacts-milieux-naturels-application\" target=\"_blank\" rel=\"noreferrer noopener\">https:\/\/www.cerema.fr\/fr\/centre-ressources\/boutique\/mesures-compensatoires-impacts-milieux-naturels-application<\/a><\/p>\n\n\n\n<p>&#8211; Guide relatif \u00e0 l\u2019\u00e9laboration des \u00e9tudes d\u2019impacts des projets de parcs \u00e9oliens terrestres &#8211; D\u00e9cembre 2016 \u2013 MEEM\u00a0: <a href=\"https:\/\/www.ecologique-solidaire.gouv.fr\/sites\/default\/files\/Guide_EIE_auto%20env_2017-01-24.pdf\" target=\"_blank\" rel=\"noreferrer noopener\">https:\/\/www.ecologique-solidaire.gouv.fr\/sites\/default\/files\/Guide_EIE_auto%20env_2017-01-24.pdf<\/a><\/p>\n\n\n\n<p><\/p>\n","protected":false},"excerpt":{"rendered":"<p>&#8211; Site de consultation des projets soumis \u00e0 \u00e9tude d&rsquo;impact \u2013 MTES\u00a0: https:\/\/www.projets-environnement.gouv.fr\/pages\/home\/ &#8211; Guide de l\u2019\u00e9valuation environnementale des documents d\u2019urbanisme (dossier ZIP) \u2013 Novembre 2019 \u2013 CGDD\u00a0: http:\/\/webissimo.developpement-durable.gouv.fr\/IMG\/zip\/guide_de_l_evaluation_environnementale_des_documents_d_urbanisme_cle5b561d.zip &#8211; Th\u00e9ma\u00a0:\u00a0L\u2019\u00e9valuation environnementale, d\u00e9marche d\u2019am\u00e9lioration des projets &#8211; Mars 2019 \u2013 CGDD\u00a0: https:\/\/www.ecologique-solidaire.gouv.fr\/sites\/default\/files\/Th%C3%A9ma%20-%20L%E2%80%99%C3%A9valuation%20environnementale%20d%C3%A9marche%20d%E2%80%99am%C3%A9lioration%20des%20projets.pdf &#8211; Th\u00e9ma\u00a0:\u00a0\u00c9valuation environnementale &#8211; Premiers \u00e9l\u00e9ments m\u00e9thodologiques sur les effets cumul\u00e9s en mer [&hellip;]<\/p>\n","protected":false},"author":1,"featured_media":0,"comment_status":"closed","ping_status":"open","sticky":false,"template":"","format":"standard","meta":{"footnotes":""},"categories":[5],"tags":[],"class_list":["post-278","post","type-post","status-publish","format-standard","hentry","category-ressources_documentaires"],"yoast_head":"<!-- This site is optimized with the Yoast SEO plugin v27.5 - https:\/\/yoast.com\/product\/yoast-seo-wordpress\/ -->\n<title>Etudes d\u2019impact - AFIE<\/title>\n<meta name=\"robots\" content=\"index, follow, max-snippet:-1, max-image-preview:large, max-video-preview:-1\" \/>\n<link rel=\"canonical\" href=\"https:\/\/afie-asso.fr\/index.php\/2019\/07\/16\/etudes-dimpact\/\" \/>\n<meta property=\"og:locale\" content=\"fr_FR\" \/>\n<meta property=\"og:type\" content=\"article\" \/>\n<meta property=\"og:title\" content=\"Etudes d\u2019impact - AFIE\" \/>\n<meta property=\"og:description\" content=\"&#8211; Site de consultation des projets soumis \u00e0 \u00e9tude d&rsquo;impact \u2013 MTES\u00a0: https:\/\/www.projets-environnement.gouv.fr\/pages\/home\/ &#8211; Guide de l\u2019\u00e9valuation environnementale des documents d\u2019urbanisme (dossier ZIP) \u2013 Novembre 2019 \u2013 CGDD\u00a0: http:\/\/webissimo.developpement-durable.gouv.fr\/IMG\/zip\/guide_de_l_evaluation_environnementale_des_documents_d_urbanisme_cle5b561d.zip &#8211; Th\u00e9ma\u00a0:\u00a0L\u2019\u00e9valuation environnementale, d\u00e9marche d\u2019am\u00e9lioration des projets &#8211; Mars 2019 \u2013 CGDD\u00a0: https:\/\/www.ecologique-solidaire.gouv.fr\/sites\/default\/files\/Th%C3%A9ma%20-%20L%E2%80%99%C3%A9valuation%20environnementale%20d%C3%A9marche%20d%E2%80%99am%C3%A9lioration%20des%20projets.pdf &#8211; Th\u00e9ma\u00a0:\u00a0\u00c9valuation environnementale &#8211; Premiers \u00e9l\u00e9ments m\u00e9thodologiques sur les effets cumul\u00e9s en mer [&hellip;]\" \/>\n<meta property=\"og:url\" content=\"https:\/\/afie-asso.fr\/index.php\/2019\/07\/16\/etudes-dimpact\/\" \/>\n<meta property=\"og:site_name\" content=\"AFIE\" \/>\n<meta property=\"article:published_time\" content=\"2019-07-16T11:30:21+00:00\" \/>\n<meta property=\"article:modified_time\" content=\"2020-06-05T20:23:30+00:00\" \/>\n<meta name=\"author\" content=\"M\u00e9lanie\" \/>\n<meta name=\"twitter:card\" content=\"summary_large_image\" \/>\n<meta name=\"twitter:label1\" content=\"\u00c9crit par\" \/>\n\t<meta name=\"twitter:data1\" content=\"M\u00e9lanie\" \/>\n\t<meta name=\"twitter:label2\" content=\"Dur\u00e9e de lecture estim\u00e9e\" \/>\n\t<meta name=\"twitter:data2\" content=\"2 minutes\" \/>\n<script type=\"application\/ld+json\" class=\"yoast-schema-graph\">{\"@context\":\"https:\\\/\\\/schema.org\",\"@graph\":[{\"@type\":\"Article\",\"@id\":\"https:\\\/\\\/afie-asso.fr\\\/index.php\\\/2019\\\/07\\\/16\\\/etudes-dimpact\\\/#article\",\"isPartOf\":{\"@id\":\"https:\\\/\\\/afie-asso.fr\\\/index.php\\\/2019\\\/07\\\/16\\\/etudes-dimpact\\\/\"},\"author\":{\"name\":\"M\u00e9lanie\",\"@id\":\"https:\\\/\\\/afie-asso.fr\\\/#\\\/schema\\\/person\\\/d78e440b9a14e3c7ab5788d70246aefc\"},\"headline\":\"Etudes d\u2019impact\",\"datePublished\":\"2019-07-16T11:30:21+00:00\",\"dateModified\":\"2020-06-05T20:23:30+00:00\",\"mainEntityOfPage\":{\"@id\":\"https:\\\/\\\/afie-asso.fr\\\/index.php\\\/2019\\\/07\\\/16\\\/etudes-dimpact\\\/\"},\"wordCount\":315,\"publisher\":{\"@id\":\"https:\\\/\\\/afie-asso.fr\\\/#organization\"},\"articleSection\":[\"ressources_documentaires\"],\"inLanguage\":\"fr-FR\"},{\"@type\":\"WebPage\",\"@id\":\"https:\\\/\\\/afie-asso.fr\\\/index.php\\\/2019\\\/07\\\/16\\\/etudes-dimpact\\\/\",\"url\":\"https:\\\/\\\/afie-asso.fr\\\/index.php\\\/2019\\\/07\\\/16\\\/etudes-dimpact\\\/\",\"name\":\"Etudes d\u2019impact - AFIE\",\"isPartOf\":{\"@id\":\"https:\\\/\\\/afie-asso.fr\\\/#website\"},\"datePublished\":\"2019-07-16T11:30:21+00:00\",\"dateModified\":\"2020-06-05T20:23:30+00:00\",\"breadcrumb\":{\"@id\":\"https:\\\/\\\/afie-asso.fr\\\/index.php\\\/2019\\\/07\\\/16\\\/etudes-dimpact\\\/#breadcrumb\"},\"inLanguage\":\"fr-FR\",\"potentialAction\":[{\"@type\":\"ReadAction\",\"target\":[\"https:\\\/\\\/afie-asso.fr\\\/index.php\\\/2019\\\/07\\\/16\\\/etudes-dimpact\\\/\"]}]},{\"@type\":\"BreadcrumbList\",\"@id\":\"https:\\\/\\\/afie-asso.fr\\\/index.php\\\/2019\\\/07\\\/16\\\/etudes-dimpact\\\/#breadcrumb\",\"itemListElement\":[{\"@type\":\"ListItem\",\"position\":1,\"name\":\"Accueil\",\"item\":\"https:\\\/\\\/afie-asso.fr\\\/\"},{\"@type\":\"ListItem\",\"position\":2,\"name\":\"Etudes d\u2019impact\"}]},{\"@type\":\"WebSite\",\"@id\":\"https:\\\/\\\/afie-asso.fr\\\/#website\",\"url\":\"https:\\\/\\\/afie-asso.fr\\\/\",\"name\":\"AFIE\",\"description\":\"Association Fran\u00e7aise Interprofessionnelle des Ecologues\",\"publisher\":{\"@id\":\"https:\\\/\\\/afie-asso.fr\\\/#organization\"},\"potentialAction\":[{\"@type\":\"SearchAction\",\"target\":{\"@type\":\"EntryPoint\",\"urlTemplate\":\"https:\\\/\\\/afie-asso.fr\\\/?s={search_term_string}\"},\"query-input\":{\"@type\":\"PropertyValueSpecification\",\"valueRequired\":true,\"valueName\":\"search_term_string\"}}],\"inLanguage\":\"fr-FR\"},{\"@type\":\"Organization\",\"@id\":\"https:\\\/\\\/afie-asso.fr\\\/#organization\",\"name\":\"AFIE\",\"url\":\"https:\\\/\\\/afie-asso.fr\\\/\",\"logo\":{\"@type\":\"ImageObject\",\"inLanguage\":\"fr-FR\",\"@id\":\"https:\\\/\\\/afie-asso.fr\\\/#\\\/schema\\\/logo\\\/image\\\/\",\"url\":\"https:\\\/\\\/afie-asso.fr\\\/wp-content\\\/uploads\\\/2019\\\/05\\\/cropped-logo-AFIE-3.png\",\"contentUrl\":\"https:\\\/\\\/afie-asso.fr\\\/wp-content\\\/uploads\\\/2019\\\/05\\\/cropped-logo-AFIE-3.png\",\"width\":555,\"height\":459,\"caption\":\"AFIE\"},\"image\":{\"@id\":\"https:\\\/\\\/afie-asso.fr\\\/#\\\/schema\\\/logo\\\/image\\\/\"}},{\"@type\":\"Person\",\"@id\":\"https:\\\/\\\/afie-asso.fr\\\/#\\\/schema\\\/person\\\/d78e440b9a14e3c7ab5788d70246aefc\",\"name\":\"M\u00e9lanie\",\"image\":{\"@type\":\"ImageObject\",\"inLanguage\":\"fr-FR\",\"@id\":\"https:\\\/\\\/secure.gravatar.com\\\/avatar\\\/704150e6c505d4fc79cc0bfa42564e059c130c6990cf61ce1861eefb8ca3c0b4?s=96&d=mm&r=g\",\"url\":\"https:\\\/\\\/secure.gravatar.com\\\/avatar\\\/704150e6c505d4fc79cc0bfa42564e059c130c6990cf61ce1861eefb8ca3c0b4?s=96&d=mm&r=g\",\"contentUrl\":\"https:\\\/\\\/secure.gravatar.com\\\/avatar\\\/704150e6c505d4fc79cc0bfa42564e059c130c6990cf61ce1861eefb8ca3c0b4?s=96&d=mm&r=g\",\"caption\":\"M\u00e9lanie\"},\"url\":\"https:\\\/\\\/afie-asso.fr\\\/index.php\\\/author\\\/admin6654\\\/\"}]}<\/script>\n<!-- \/ Yoast SEO plugin. -->","yoast_head_json":{"title":"Etudes d\u2019impact - AFIE","robots":{"index":"index","follow":"follow","max-snippet":"max-snippet:-1","max-image-preview":"max-image-preview:large","max-video-preview":"max-video-preview:-1"},"canonical":"https:\/\/afie-asso.fr\/index.php\/2019\/07\/16\/etudes-dimpact\/","og_locale":"fr_FR","og_type":"article","og_title":"Etudes d\u2019impact - AFIE","og_description":"&#8211; Site de consultation des projets soumis \u00e0 \u00e9tude d&rsquo;impact \u2013 MTES\u00a0: https:\/\/www.projets-environnement.gouv.fr\/pages\/home\/ &#8211; Guide de l\u2019\u00e9valuation environnementale des documents d\u2019urbanisme (dossier ZIP) \u2013 Novembre 2019 \u2013 CGDD\u00a0: http:\/\/webissimo.developpement-durable.gouv.fr\/IMG\/zip\/guide_de_l_evaluation_environnementale_des_documents_d_urbanisme_cle5b561d.zip &#8211; Th\u00e9ma\u00a0:\u00a0L\u2019\u00e9valuation environnementale, d\u00e9marche d\u2019am\u00e9lioration des projets &#8211; Mars 2019 \u2013 CGDD\u00a0: https:\/\/www.ecologique-solidaire.gouv.fr\/sites\/default\/files\/Th%C3%A9ma%20-%20L%E2%80%99%C3%A9valuation%20environnementale%20d%C3%A9marche%20d%E2%80%99am%C3%A9lioration%20des%20projets.pdf &#8211; Th\u00e9ma\u00a0:\u00a0\u00c9valuation environnementale &#8211; Premiers \u00e9l\u00e9ments m\u00e9thodologiques sur les effets cumul\u00e9s en mer [&hellip;]","og_url":"https:\/\/afie-asso.fr\/index.php\/2019\/07\/16\/etudes-dimpact\/","og_site_name":"AFIE","article_published_time":"2019-07-16T11:30:21+00:00","article_modified_time":"2020-06-05T20:23:30+00:00","author":"M\u00e9lanie","twitter_card":"summary_large_image","twitter_misc":{"\u00c9crit par":"M\u00e9lanie","Dur\u00e9e de lecture estim\u00e9e":"2 minutes"},"schema":{"@context":"https:\/\/schema.org","@graph":[{"@type":"Article","@id":"https:\/\/afie-asso.fr\/index.php\/2019\/07\/16\/etudes-dimpact\/#article","isPartOf":{"@id":"https:\/\/afie-asso.fr\/index.php\/2019\/07\/16\/etudes-dimpact\/"},"author":{"name":"M\u00e9lanie","@id":"https:\/\/afie-asso.fr\/#\/schema\/person\/d78e440b9a14e3c7ab5788d70246aefc"},"headline":"Etudes d\u2019impact","datePublished":"2019-07-16T11:30:21+00:00","dateModified":"2020-06-05T20:23:30+00:00","mainEntityOfPage":{"@id":"https:\/\/afie-asso.fr\/index.php\/2019\/07\/16\/etudes-dimpact\/"},"wordCount":315,"publisher":{"@id":"https:\/\/afie-asso.fr\/#organization"},"articleSection":["ressources_documentaires"],"inLanguage":"fr-FR"},{"@type":"WebPage","@id":"https:\/\/afie-asso.fr\/index.php\/2019\/07\/16\/etudes-dimpact\/","url":"https:\/\/afie-asso.fr\/index.php\/2019\/07\/16\/etudes-dimpact\/","name":"Etudes d\u2019impact - AFIE","isPartOf":{"@id":"https:\/\/afie-asso.fr\/#website"},"datePublished":"2019-07-16T11:30:21+00:00","dateModified":"2020-06-05T20:23:30+00:00","breadcrumb":{"@id":"https:\/\/afie-asso.fr\/index.php\/2019\/07\/16\/etudes-dimpact\/#breadcrumb"},"inLanguage":"fr-FR","potentialAction":[{"@type":"ReadAction","target":["https:\/\/afie-asso.fr\/index.php\/2019\/07\/16\/etudes-dimpact\/"]}]},{"@type":"BreadcrumbList","@id":"https:\/\/afie-asso.fr\/index.php\/2019\/07\/16\/etudes-dimpact\/#breadcrumb","itemListElement":[{"@type":"ListItem","position":1,"name":"Accueil","item":"https:\/\/afie-asso.fr\/"},{"@type":"ListItem","position":2,"name":"Etudes d\u2019impact"}]},{"@type":"WebSite","@id":"https:\/\/afie-asso.fr\/#website","url":"https:\/\/afie-asso.fr\/","name":"AFIE","description":"Association Fran\u00e7aise Interprofessionnelle des Ecologues","publisher":{"@id":"https:\/\/afie-asso.fr\/#organization"},"potentialAction":[{"@type":"SearchAction","target":{"@type":"EntryPoint","urlTemplate":"https:\/\/afie-asso.fr\/?s={search_term_string}"},"query-input":{"@type":"PropertyValueSpecification","valueRequired":true,"valueName":"search_term_string"}}],"inLanguage":"fr-FR"},{"@type":"Organization","@id":"https:\/\/afie-asso.fr\/#organization","name":"AFIE","url":"https:\/\/afie-asso.fr\/","logo":{"@type":"ImageObject","inLanguage":"fr-FR","@id":"https:\/\/afie-asso.fr\/#\/schema\/logo\/image\/","url":"https:\/\/afie-asso.fr\/wp-content\/uploads\/2019\/05\/cropped-logo-AFIE-3.png","contentUrl":"https:\/\/afie-asso.fr\/wp-content\/uploads\/2019\/05\/cropped-logo-AFIE-3.png","width":555,"height":459,"caption":"AFIE"},"image":{"@id":"https:\/\/afie-asso.fr\/#\/schema\/logo\/image\/"}},{"@type":"Person","@id":"https:\/\/afie-asso.fr\/#\/schema\/person\/d78e440b9a14e3c7ab5788d70246aefc","name":"M\u00e9lanie","image":{"@type":"ImageObject","inLanguage":"fr-FR","@id":"https:\/\/secure.gravatar.com\/avatar\/704150e6c505d4fc79cc0bfa42564e059c130c6990cf61ce1861eefb8ca3c0b4?s=96&d=mm&r=g","url":"https:\/\/secure.gravatar.com\/avatar\/704150e6c505d4fc79cc0bfa42564e059c130c6990cf61ce1861eefb8ca3c0b4?s=96&d=mm&r=g","contentUrl":"https:\/\/secure.gravatar.com\/avatar\/704150e6c505d4fc79cc0bfa42564e059c130c6990cf61ce1861eefb8ca3c0b4?s=96&d=mm&r=g","caption":"M\u00e9lanie"},"url":"https:\/\/afie-asso.fr\/index.php\/author\/admin6654\/"}]}},"rttpg_featured_image_url":null,"rttpg_author":{"display_name":"M\u00e9lanie","author_link":"https:\/\/afie-asso.fr\/index.php\/author\/admin6654\/"},"rttpg_comment":0,"rttpg_category":"<a href=\"https:\/\/afie-asso.fr\/index.php\/category\/ressources_documentaires\/\" rel=\"category tag\">ressources_documentaires<\/a>","rttpg_excerpt":"&#8211; Site de consultation des projets soumis \u00e0 \u00e9tude d&rsquo;impact \u2013 MTES\u00a0: https:\/\/www.projets-environnement.gouv.fr\/pages\/home\/ &#8211; Guide de l\u2019\u00e9valuation environnementale des documents d\u2019urbanisme (dossier ZIP) \u2013 Novembre 2019 \u2013 CGDD\u00a0: http:\/\/webissimo.developpement-durable.gouv.fr\/IMG\/zip\/guide_de_l_evaluation_environnementale_des_documents_d_urbanisme_cle5b561d.zip &#8211; Th\u00e9ma\u00a0:\u00a0L\u2019\u00e9valuation environnementale, d\u00e9marche d\u2019am\u00e9lioration des projets &#8211; Mars 2019 \u2013 CGDD\u00a0: https:\/\/www.ecologique-solidaire.gouv.fr\/sites\/default\/files\/Th%C3%A9ma%20-%20L%E2%80%99%C3%A9valuation%20environnementale%20d%C3%A9marche%20d%E2%80%99am%C3%A9lioration%20des%20projets.pdf &#8211; Th\u00e9ma\u00a0:\u00a0\u00c9valuation environnementale &#8211; Premiers \u00e9l\u00e9ments m\u00e9thodologiques sur les effets cumul\u00e9s en mer\u2026","_links":{"self":[{"href":"https:\/\/afie-asso.fr\/index.php\/wp-json\/wp\/v2\/posts\/278","targetHints":{"allow":["GET"]}}],"collection":[{"href":"https:\/\/afie-asso.fr\/index.php\/wp-json\/wp\/v2\/posts"}],"about":[{"href":"https:\/\/afie-asso.fr\/index.php\/wp-json\/wp\/v2\/types\/post"}],"author":[{"embeddable":true,"href":"https:\/\/afie-asso.fr\/index.php\/wp-json\/wp\/v2\/users\/1"}],"replies":[{"embeddable":true,"href":"https:\/\/afie-asso.fr\/index.php\/wp-json\/wp\/v2\/comments?post=278"}],"version-history":[{"count":2,"href":"https:\/\/afie-asso.fr\/index.php\/wp-json\/wp\/v2\/posts\/278\/revisions"}],"predecessor-version":[{"id":804,"href":"https:\/\/afie-asso.fr\/index.php\/wp-json\/wp\/v2\/posts\/278\/revisions\/804"}],"wp:attachment":[{"href":"https:\/\/afie-asso.fr\/index.php\/wp-json\/wp\/v2\/media?parent=278"}],"wp:term":[{"taxonomy":"category","embeddable":true,"href":"https:\/\/afie-asso.fr\/index.php\/wp-json\/wp\/v2\/categories?post=278"},{"taxonomy":"post_tag","embeddable":true,"href":"https:\/\/afie-asso.fr\/index.php\/wp-json\/wp\/v2\/tags?post=278"}],"curies":[{"name":"wp","href":"https:\/\/api.w.org\/{rel}","templated":true}]}}