{"id":1462,"date":"2024-11-27T12:12:59","date_gmt":"2024-11-27T11:12:59","guid":{"rendered":"https:\/\/afie-asso.fr\/?p=1462"},"modified":"2024-12-21T17:42:26","modified_gmt":"2024-12-21T16:42:26","slug":"webinaire-abc","status":"publish","type":"post","link":"https:\/\/afie-asso.fr\/index.php\/2024\/11\/27\/webinaire-abc\/","title":{"rendered":"Replay du Webinaire \u00ab\u00a0Bureaux d&rsquo;\u00e9tudes : accompagnez les collectivit\u00e9s dans leur d\u00e9marche ABC\u00a0\u00bb"},"content":{"rendered":"\n<p class=\"has-text-align-left\">D\u00e9couvrez le replay du webinaire qui s&rsquo;est tenu le 12 d\u00e9cembre 2024, anim\u00e9 par l&rsquo;AFIE et l&rsquo;OFB.<\/p>\n\n\n\n<p class=\"has-text-align-center has-vivid-cyan-blue-color has-text-color has-link-color wp-elements-16da4adfca6c31c380064e8568681c25\"><\/p>\n\n\n\n<figure class=\"wp-block-embed is-type-video is-provider-youtube wp-block-embed-youtube wp-embed-aspect-16-9 wp-has-aspect-ratio\"><div class=\"wp-block-embed__wrapper\">\n<iframe loading=\"lazy\" title=\"Webinaire &quot;Bureaux d&#039;\u00e9tudes : accompagnez les collectivit\u00e9s dans leur d\u00e9marche ABC&quot;\" width=\"500\" height=\"281\" src=\"https:\/\/www.youtube.com\/embed\/-w6IU9O0rtQ?feature=oembed\" frameborder=\"0\" allow=\"accelerometer; autoplay; clipboard-write; encrypted-media; gyroscope; picture-in-picture; web-share\" referrerpolicy=\"strict-origin-when-cross-origin\" allowfullscreen><\/iframe>\n<\/div><\/figure>\n\n\n\n<p class=\"has-text-align-left\"><strong>Au programme :<\/strong><\/p>\n\n\n\n<p class=\"has-text-align-left\">\ud83d\udd37 Pr\u00e9sentation de la D\u00e9marche ABC<br><em>par Thibaut Fara\u00fcs et Marin Lardeau de l&rsquo;OFB<\/em><\/p>\n\n\n\n<p class=\"has-text-align-left\">\ud83d\udd37 Retour d&rsquo;exp\u00e9rience d&rsquo;un bureau d&rsquo;\u00e9tudes accompagnant les collectivit\u00e9s<br><em>par M\u00e9lanie Cornet de l&rsquo;AFIE<\/em><\/p>\n\n\n\n<p class=\"has-text-align-left\">\ud83d\udd37 Retour d&rsquo;exp\u00e9rience d&rsquo;une collectivit\u00e9 ayant r\u00e9alis\u00e9 son ABC<br><em>par la commune de Montivilliers, laur\u00e9ate du Prix national du G\u00e9nie \u00e9cologique cat\u00e9gorie Milieux Urbains<\/em><\/p>\n\n\n\n<p><\/p>\n","protected":false},"excerpt":{"rendered":"<p>D\u00e9couvrez le replay du webinaire qui s&rsquo;est tenu le 12 d\u00e9cembre 2024, anim\u00e9 par l&rsquo;AFIE et l&rsquo;OFB. Au programme : \ud83d\udd37 Pr\u00e9sentation de la D\u00e9marche ABCpar Thibaut Fara\u00fcs et Marin Lardeau de l&rsquo;OFB \ud83d\udd37 Retour d&rsquo;exp\u00e9rience d&rsquo;un bureau d&rsquo;\u00e9tudes accompagnant les collectivit\u00e9spar M\u00e9lanie Cornet de l&rsquo;AFIE \ud83d\udd37 Retour d&rsquo;exp\u00e9rience d&rsquo;une collectivit\u00e9 ayant r\u00e9alis\u00e9 son ABCpar [&hellip;]<\/p>\n","protected":false},"author":1,"featured_media":0,"comment_status":"closed","ping_status":"open","sticky":false,"template":"","format":"standard","meta":{"footnotes":""},"categories":[1],"tags":[],"class_list":["post-1462","post","type-post","status-publish","format-standard","hentry","category-non-classe"],"yoast_head":"<!-- This site is optimized with the Yoast SEO plugin v27.5 - https:\/\/yoast.com\/product\/yoast-seo-wordpress\/ -->\n<title>Replay du Webinaire &quot;Bureaux d&#039;\u00e9tudes : accompagnez les collectivit\u00e9s dans leur d\u00e9marche ABC&quot; - AFIE<\/title>\n<meta name=\"robots\" content=\"index, follow, max-snippet:-1, max-image-preview:large, max-video-preview:-1\" \/>\n<link rel=\"canonical\" href=\"https:\/\/afie-asso.fr\/index.php\/2024\/11\/27\/webinaire-abc\/\" \/>\n<meta property=\"og:locale\" content=\"fr_FR\" \/>\n<meta property=\"og:type\" content=\"article\" \/>\n<meta property=\"og:title\" content=\"Replay du Webinaire &quot;Bureaux d&#039;\u00e9tudes : accompagnez les collectivit\u00e9s dans leur d\u00e9marche ABC&quot; - AFIE\" \/>\n<meta property=\"og:description\" content=\"D\u00e9couvrez le replay du webinaire qui s&rsquo;est tenu le 12 d\u00e9cembre 2024, anim\u00e9 par l&rsquo;AFIE et l&rsquo;OFB. Au programme : \ud83d\udd37 Pr\u00e9sentation de la D\u00e9marche ABCpar Thibaut Fara\u00fcs et Marin Lardeau de l&rsquo;OFB \ud83d\udd37 Retour d&rsquo;exp\u00e9rience d&rsquo;un bureau d&rsquo;\u00e9tudes accompagnant les collectivit\u00e9spar M\u00e9lanie Cornet de l&rsquo;AFIE \ud83d\udd37 Retour d&rsquo;exp\u00e9rience d&rsquo;une collectivit\u00e9 ayant r\u00e9alis\u00e9 son ABCpar [&hellip;]\" \/>\n<meta property=\"og:url\" content=\"https:\/\/afie-asso.fr\/index.php\/2024\/11\/27\/webinaire-abc\/\" \/>\n<meta property=\"og:site_name\" content=\"AFIE\" \/>\n<meta property=\"article:published_time\" content=\"2024-11-27T11:12:59+00:00\" \/>\n<meta property=\"article:modified_time\" content=\"2024-12-21T16:42:26+00:00\" \/>\n<meta name=\"author\" content=\"M\u00e9lanie\" \/>\n<meta name=\"twitter:card\" content=\"summary_large_image\" \/>\n<meta name=\"twitter:label1\" content=\"\u00c9crit par\" \/>\n\t<meta name=\"twitter:data1\" content=\"M\u00e9lanie\" \/>\n\t<meta name=\"twitter:label2\" content=\"Dur\u00e9e de lecture estim\u00e9e\" \/>\n\t<meta name=\"twitter:data2\" content=\"1 minute\" \/>\n<script type=\"application\/ld+json\" class=\"yoast-schema-graph\">{\"@context\":\"https:\\\/\\\/schema.org\",\"@graph\":[{\"@type\":\"Article\",\"@id\":\"https:\\\/\\\/afie-asso.fr\\\/index.php\\\/2024\\\/11\\\/27\\\/webinaire-abc\\\/#article\",\"isPartOf\":{\"@id\":\"https:\\\/\\\/afie-asso.fr\\\/index.php\\\/2024\\\/11\\\/27\\\/webinaire-abc\\\/\"},\"author\":{\"name\":\"M\u00e9lanie\",\"@id\":\"https:\\\/\\\/afie-asso.fr\\\/#\\\/schema\\\/person\\\/d78e440b9a14e3c7ab5788d70246aefc\"},\"headline\":\"Replay du Webinaire \u00ab\u00a0Bureaux d&rsquo;\u00e9tudes : accompagnez les collectivit\u00e9s dans leur d\u00e9marche ABC\u00a0\u00bb\",\"datePublished\":\"2024-11-27T11:12:59+00:00\",\"dateModified\":\"2024-12-21T16:42:26+00:00\",\"mainEntityOfPage\":{\"@id\":\"https:\\\/\\\/afie-asso.fr\\\/index.php\\\/2024\\\/11\\\/27\\\/webinaire-abc\\\/\"},\"wordCount\":111,\"publisher\":{\"@id\":\"https:\\\/\\\/afie-asso.fr\\\/#organization\"},\"inLanguage\":\"fr-FR\"},{\"@type\":\"WebPage\",\"@id\":\"https:\\\/\\\/afie-asso.fr\\\/index.php\\\/2024\\\/11\\\/27\\\/webinaire-abc\\\/\",\"url\":\"https:\\\/\\\/afie-asso.fr\\\/index.php\\\/2024\\\/11\\\/27\\\/webinaire-abc\\\/\",\"name\":\"Replay du Webinaire \\\"Bureaux d'\u00e9tudes : accompagnez les collectivit\u00e9s dans leur d\u00e9marche ABC\\\" - AFIE\",\"isPartOf\":{\"@id\":\"https:\\\/\\\/afie-asso.fr\\\/#website\"},\"datePublished\":\"2024-11-27T11:12:59+00:00\",\"dateModified\":\"2024-12-21T16:42:26+00:00\",\"breadcrumb\":{\"@id\":\"https:\\\/\\\/afie-asso.fr\\\/index.php\\\/2024\\\/11\\\/27\\\/webinaire-abc\\\/#breadcrumb\"},\"inLanguage\":\"fr-FR\",\"potentialAction\":[{\"@type\":\"ReadAction\",\"target\":[\"https:\\\/\\\/afie-asso.fr\\\/index.php\\\/2024\\\/11\\\/27\\\/webinaire-abc\\\/\"]}]},{\"@type\":\"BreadcrumbList\",\"@id\":\"https:\\\/\\\/afie-asso.fr\\\/index.php\\\/2024\\\/11\\\/27\\\/webinaire-abc\\\/#breadcrumb\",\"itemListElement\":[{\"@type\":\"ListItem\",\"position\":1,\"name\":\"Accueil\",\"item\":\"https:\\\/\\\/afie-asso.fr\\\/\"},{\"@type\":\"ListItem\",\"position\":2,\"name\":\"Replay du Webinaire \u00ab\u00a0Bureaux d&rsquo;\u00e9tudes : accompagnez les collectivit\u00e9s dans leur d\u00e9marche ABC\u00a0\u00bb\"}]},{\"@type\":\"WebSite\",\"@id\":\"https:\\\/\\\/afie-asso.fr\\\/#website\",\"url\":\"https:\\\/\\\/afie-asso.fr\\\/\",\"name\":\"AFIE\",\"description\":\"Association Fran\u00e7aise Interprofessionnelle des Ecologues\",\"publisher\":{\"@id\":\"https:\\\/\\\/afie-asso.fr\\\/#organization\"},\"potentialAction\":[{\"@type\":\"SearchAction\",\"target\":{\"@type\":\"EntryPoint\",\"urlTemplate\":\"https:\\\/\\\/afie-asso.fr\\\/?s={search_term_string}\"},\"query-input\":{\"@type\":\"PropertyValueSpecification\",\"valueRequired\":true,\"valueName\":\"search_term_string\"}}],\"inLanguage\":\"fr-FR\"},{\"@type\":\"Organization\",\"@id\":\"https:\\\/\\\/afie-asso.fr\\\/#organization\",\"name\":\"AFIE\",\"url\":\"https:\\\/\\\/afie-asso.fr\\\/\",\"logo\":{\"@type\":\"ImageObject\",\"inLanguage\":\"fr-FR\",\"@id\":\"https:\\\/\\\/afie-asso.fr\\\/#\\\/schema\\\/logo\\\/image\\\/\",\"url\":\"https:\\\/\\\/afie-asso.fr\\\/wp-content\\\/uploads\\\/2019\\\/05\\\/cropped-logo-AFIE-3.png\",\"contentUrl\":\"https:\\\/\\\/afie-asso.fr\\\/wp-content\\\/uploads\\\/2019\\\/05\\\/cropped-logo-AFIE-3.png\",\"width\":555,\"height\":459,\"caption\":\"AFIE\"},\"image\":{\"@id\":\"https:\\\/\\\/afie-asso.fr\\\/#\\\/schema\\\/logo\\\/image\\\/\"}},{\"@type\":\"Person\",\"@id\":\"https:\\\/\\\/afie-asso.fr\\\/#\\\/schema\\\/person\\\/d78e440b9a14e3c7ab5788d70246aefc\",\"name\":\"M\u00e9lanie\",\"image\":{\"@type\":\"ImageObject\",\"inLanguage\":\"fr-FR\",\"@id\":\"https:\\\/\\\/secure.gravatar.com\\\/avatar\\\/704150e6c505d4fc79cc0bfa42564e059c130c6990cf61ce1861eefb8ca3c0b4?s=96&d=mm&r=g\",\"url\":\"https:\\\/\\\/secure.gravatar.com\\\/avatar\\\/704150e6c505d4fc79cc0bfa42564e059c130c6990cf61ce1861eefb8ca3c0b4?s=96&d=mm&r=g\",\"contentUrl\":\"https:\\\/\\\/secure.gravatar.com\\\/avatar\\\/704150e6c505d4fc79cc0bfa42564e059c130c6990cf61ce1861eefb8ca3c0b4?s=96&d=mm&r=g\",\"caption\":\"M\u00e9lanie\"},\"url\":\"https:\\\/\\\/afie-asso.fr\\\/index.php\\\/author\\\/admin6654\\\/\"}]}<\/script>\n<!-- \/ Yoast SEO plugin. -->","yoast_head_json":{"title":"Replay du Webinaire \"Bureaux d'\u00e9tudes : accompagnez les collectivit\u00e9s dans leur d\u00e9marche ABC\" - AFIE","robots":{"index":"index","follow":"follow","max-snippet":"max-snippet:-1","max-image-preview":"max-image-preview:large","max-video-preview":"max-video-preview:-1"},"canonical":"https:\/\/afie-asso.fr\/index.php\/2024\/11\/27\/webinaire-abc\/","og_locale":"fr_FR","og_type":"article","og_title":"Replay du Webinaire \"Bureaux d'\u00e9tudes : accompagnez les collectivit\u00e9s dans leur d\u00e9marche ABC\" - AFIE","og_description":"D\u00e9couvrez le replay du webinaire qui s&rsquo;est tenu le 12 d\u00e9cembre 2024, anim\u00e9 par l&rsquo;AFIE et l&rsquo;OFB. Au programme : \ud83d\udd37 Pr\u00e9sentation de la D\u00e9marche ABCpar Thibaut Fara\u00fcs et Marin Lardeau de l&rsquo;OFB \ud83d\udd37 Retour d&rsquo;exp\u00e9rience d&rsquo;un bureau d&rsquo;\u00e9tudes accompagnant les collectivit\u00e9spar M\u00e9lanie Cornet de l&rsquo;AFIE \ud83d\udd37 Retour d&rsquo;exp\u00e9rience d&rsquo;une collectivit\u00e9 ayant r\u00e9alis\u00e9 son ABCpar [&hellip;]","og_url":"https:\/\/afie-asso.fr\/index.php\/2024\/11\/27\/webinaire-abc\/","og_site_name":"AFIE","article_published_time":"2024-11-27T11:12:59+00:00","article_modified_time":"2024-12-21T16:42:26+00:00","author":"M\u00e9lanie","twitter_card":"summary_large_image","twitter_misc":{"\u00c9crit par":"M\u00e9lanie","Dur\u00e9e de lecture estim\u00e9e":"1 minute"},"schema":{"@context":"https:\/\/schema.org","@graph":[{"@type":"Article","@id":"https:\/\/afie-asso.fr\/index.php\/2024\/11\/27\/webinaire-abc\/#article","isPartOf":{"@id":"https:\/\/afie-asso.fr\/index.php\/2024\/11\/27\/webinaire-abc\/"},"author":{"name":"M\u00e9lanie","@id":"https:\/\/afie-asso.fr\/#\/schema\/person\/d78e440b9a14e3c7ab5788d70246aefc"},"headline":"Replay du Webinaire \u00ab\u00a0Bureaux d&rsquo;\u00e9tudes : accompagnez les collectivit\u00e9s dans leur d\u00e9marche ABC\u00a0\u00bb","datePublished":"2024-11-27T11:12:59+00:00","dateModified":"2024-12-21T16:42:26+00:00","mainEntityOfPage":{"@id":"https:\/\/afie-asso.fr\/index.php\/2024\/11\/27\/webinaire-abc\/"},"wordCount":111,"publisher":{"@id":"https:\/\/afie-asso.fr\/#organization"},"inLanguage":"fr-FR"},{"@type":"WebPage","@id":"https:\/\/afie-asso.fr\/index.php\/2024\/11\/27\/webinaire-abc\/","url":"https:\/\/afie-asso.fr\/index.php\/2024\/11\/27\/webinaire-abc\/","name":"Replay du Webinaire \"Bureaux d'\u00e9tudes : accompagnez les collectivit\u00e9s dans leur d\u00e9marche ABC\" - AFIE","isPartOf":{"@id":"https:\/\/afie-asso.fr\/#website"},"datePublished":"2024-11-27T11:12:59+00:00","dateModified":"2024-12-21T16:42:26+00:00","breadcrumb":{"@id":"https:\/\/afie-asso.fr\/index.php\/2024\/11\/27\/webinaire-abc\/#breadcrumb"},"inLanguage":"fr-FR","potentialAction":[{"@type":"ReadAction","target":["https:\/\/afie-asso.fr\/index.php\/2024\/11\/27\/webinaire-abc\/"]}]},{"@type":"BreadcrumbList","@id":"https:\/\/afie-asso.fr\/index.php\/2024\/11\/27\/webinaire-abc\/#breadcrumb","itemListElement":[{"@type":"ListItem","position":1,"name":"Accueil","item":"https:\/\/afie-asso.fr\/"},{"@type":"ListItem","position":2,"name":"Replay du Webinaire \u00ab\u00a0Bureaux d&rsquo;\u00e9tudes : accompagnez les collectivit\u00e9s dans leur d\u00e9marche ABC\u00a0\u00bb"}]},{"@type":"WebSite","@id":"https:\/\/afie-asso.fr\/#website","url":"https:\/\/afie-asso.fr\/","name":"AFIE","description":"Association Fran\u00e7aise Interprofessionnelle des Ecologues","publisher":{"@id":"https:\/\/afie-asso.fr\/#organization"},"potentialAction":[{"@type":"SearchAction","target":{"@type":"EntryPoint","urlTemplate":"https:\/\/afie-asso.fr\/?s={search_term_string}"},"query-input":{"@type":"PropertyValueSpecification","valueRequired":true,"valueName":"search_term_string"}}],"inLanguage":"fr-FR"},{"@type":"Organization","@id":"https:\/\/afie-asso.fr\/#organization","name":"AFIE","url":"https:\/\/afie-asso.fr\/","logo":{"@type":"ImageObject","inLanguage":"fr-FR","@id":"https:\/\/afie-asso.fr\/#\/schema\/logo\/image\/","url":"https:\/\/afie-asso.fr\/wp-content\/uploads\/2019\/05\/cropped-logo-AFIE-3.png","contentUrl":"https:\/\/afie-asso.fr\/wp-content\/uploads\/2019\/05\/cropped-logo-AFIE-3.png","width":555,"height":459,"caption":"AFIE"},"image":{"@id":"https:\/\/afie-asso.fr\/#\/schema\/logo\/image\/"}},{"@type":"Person","@id":"https:\/\/afie-asso.fr\/#\/schema\/person\/d78e440b9a14e3c7ab5788d70246aefc","name":"M\u00e9lanie","image":{"@type":"ImageObject","inLanguage":"fr-FR","@id":"https:\/\/secure.gravatar.com\/avatar\/704150e6c505d4fc79cc0bfa42564e059c130c6990cf61ce1861eefb8ca3c0b4?s=96&d=mm&r=g","url":"https:\/\/secure.gravatar.com\/avatar\/704150e6c505d4fc79cc0bfa42564e059c130c6990cf61ce1861eefb8ca3c0b4?s=96&d=mm&r=g","contentUrl":"https:\/\/secure.gravatar.com\/avatar\/704150e6c505d4fc79cc0bfa42564e059c130c6990cf61ce1861eefb8ca3c0b4?s=96&d=mm&r=g","caption":"M\u00e9lanie"},"url":"https:\/\/afie-asso.fr\/index.php\/author\/admin6654\/"}]}},"rttpg_featured_image_url":null,"rttpg_author":{"display_name":"M\u00e9lanie","author_link":"https:\/\/afie-asso.fr\/index.php\/author\/admin6654\/"},"rttpg_comment":0,"rttpg_category":"<a href=\"https:\/\/afie-asso.fr\/index.php\/category\/non-classe\/\" rel=\"category tag\">Non class\u00e9<\/a>","rttpg_excerpt":"D\u00e9couvrez le replay du webinaire qui s&rsquo;est tenu le 12 d\u00e9cembre 2024, anim\u00e9 par l&rsquo;AFIE et l&rsquo;OFB. Au programme : \ud83d\udd37 Pr\u00e9sentation de la D\u00e9marche ABCpar Thibaut Fara\u00fcs et Marin Lardeau de l&rsquo;OFB \ud83d\udd37 Retour d&rsquo;exp\u00e9rience d&rsquo;un bureau d&rsquo;\u00e9tudes accompagnant les collectivit\u00e9spar M\u00e9lanie Cornet de l&rsquo;AFIE \ud83d\udd37 Retour d&rsquo;exp\u00e9rience d&rsquo;une collectivit\u00e9 ayant r\u00e9alis\u00e9 son ABCpar\u2026","_links":{"self":[{"href":"https:\/\/afie-asso.fr\/index.php\/wp-json\/wp\/v2\/posts\/1462","targetHints":{"allow":["GET"]}}],"collection":[{"href":"https:\/\/afie-asso.fr\/index.php\/wp-json\/wp\/v2\/posts"}],"about":[{"href":"https:\/\/afie-asso.fr\/index.php\/wp-json\/wp\/v2\/types\/post"}],"author":[{"embeddable":true,"href":"https:\/\/afie-asso.fr\/index.php\/wp-json\/wp\/v2\/users\/1"}],"replies":[{"embeddable":true,"href":"https:\/\/afie-asso.fr\/index.php\/wp-json\/wp\/v2\/comments?post=1462"}],"version-history":[{"count":6,"href":"https:\/\/afie-asso.fr\/index.php\/wp-json\/wp\/v2\/posts\/1462\/revisions"}],"predecessor-version":[{"id":1476,"href":"https:\/\/afie-asso.fr\/index.php\/wp-json\/wp\/v2\/posts\/1462\/revisions\/1476"}],"wp:attachment":[{"href":"https:\/\/afie-asso.fr\/index.php\/wp-json\/wp\/v2\/media?parent=1462"}],"wp:term":[{"taxonomy":"category","embeddable":true,"href":"https:\/\/afie-asso.fr\/index.php\/wp-json\/wp\/v2\/categories?post=1462"},{"taxonomy":"post_tag","embeddable":true,"href":"https:\/\/afie-asso.fr\/index.php\/wp-json\/wp\/v2\/tags?post=1462"}],"curies":[{"name":"wp","href":"https:\/\/api.w.org\/{rel}","templated":true}]}}