{"id":1113,"date":"2021-06-02T11:59:08","date_gmt":"2021-06-02T09:59:08","guid":{"rendered":"http:\/\/afie-asso.fr\/?p=1113"},"modified":"2021-06-02T14:57:46","modified_gmt":"2021-06-02T12:57:46","slug":"assemblee-generale-2021-de-lafie","status":"publish","type":"post","link":"https:\/\/afie-asso.fr\/index.php\/2021\/06\/02\/assemblee-generale-2021-de-lafie\/","title":{"rendered":"Assembl\u00e9e G\u00e9n\u00e9rale 2021 de l&rsquo;AFIE"},"content":{"rendered":"\n<p><strong>L&rsquo;Assembl\u00e9e G\u00e9n\u00e9rale Ordinaire s&rsquo;est tenue en visio le 10 avril dernier.<\/strong> Outre le bilan des activit\u00e9s 2020 et le renouvellement de 4 membres du CA &#8211; nous souhaitons \u00e0 ce sujet la bienvenue \u00e0 Lisa Jacquin qui rejoint l&rsquo;\u00e9quipe cette ann\u00e9e ! &#8211; deux projets d&rsquo;importance ont \u00e9t\u00e9 \u00e9voqu\u00e9s avec les participants :<\/p>\n\n\n\n<ul class=\"wp-block-list\"><li><strong>La proposition d&rsquo;un nouveau mod\u00e8le de gouvernance pour l&rsquo;AFIE<\/strong> : plut\u00f4t qu&rsquo;un bureau classique (pr\u00e9sident.e, vice(s)-pr\u00e9sident.e(s), tr\u00e9sorier.e, secr\u00e9taire), l&rsquo;id\u00e9e serait de constituer un <strong>collectif de direction<\/strong> compos\u00e9 de 5 personnes, parmi les membres \u00e9lus au CA, qui se partageraient les fonctions administratives de l&rsquo;association. Il s&rsquo;agit \u00e0 la fois de <strong>mieux r\u00e9partir les t\u00e2ches<\/strong>, notamment celles de la pr\u00e9sidence, qui repr\u00e9sentent une charge importante et difficilement conciliable avec les emplois-du-temps de chacun.e (les fonctions du CA sont b\u00e9n\u00e9voles, donc effectu\u00e9es sur notre temps libre) ; d&rsquo;<strong>assurer la continuit\u00e9 du fonctionnement administratif <\/strong>m\u00eame si l&rsquo;un.e des membres du collectif est temporairement moins disponible ; et de <strong>mieux refl\u00e9ter l&rsquo;organisation actuelle et souhait\u00e9e<\/strong>, qui privil\u00e9gie des d\u00e9cisions coll\u00e9giales plut\u00f4t qu&rsquo;une personnification de l&rsquo;association \u00e0 travers sa ou son pr\u00e9sident.e.<\/li><\/ul>\n\n\n\n<ul class=\"wp-block-list\"><li><strong>La mise \u00e0 jour des statuts de l&rsquo;association<\/strong>. Cette mise \u00e0 jour est motiv\u00e9e d&rsquo;une part par le point pr\u00e9c\u00e9dent, puisque la nouvelle organisation n\u00e9cessiterait d&rsquo;\u00eatre d\u00e9taill\u00e9e comme telle dans les statuts, d&rsquo;autre part par le projet d&rsquo;obtenir la <strong>reconnaissance d&rsquo;int\u00e9r\u00eat g\u00e9n\u00e9ral<\/strong> pour l&rsquo;AFIE. Celle-ci permettrait notamment de consid\u00e9rer les cotisations comme des dons ouvrant droit, pour les adh\u00e9rent.e.s, \u00e0 une r\u00e9duction d&rsquo;imp\u00f4t. Elle n\u00e9cessite toutefois une red\u00e9finition des objectifs de l&rsquo;association, plus en phase avec les \u00e9volutions des ces derni\u00e8res ann\u00e9es : ouverture des adh\u00e9sions \u00e0 tous les profils d&rsquo;\u00e9cologues, mais aussi plus largement \u00e0 des membres sympathisants, pr\u00e9sence soutenue dans les d\u00e9bats publics et les actions de diffusion des m\u00e9thodes de l&rsquo;\u00e9cologie scientifique, etc. La mise \u00e0 jour des statuts permettraient \u00e9galement d&rsquo;ajuster des formulations peu claires ou devenues obsol\u00e8tes, et de r\u00e9aliser un travail similaire sur le r\u00e8glement de l&rsquo;AFIE.<\/li><\/ul>\n\n\n\n<p>Vous recevrez tr\u00e8s prochainement via la mail-list AFIE les d\u00e9tails de ces deux propositions, afin que chaque membre puisse en prendre pleinement connaissance et faire part de son avis ou de ses interrogations. <strong>Une Assembl\u00e9e G\u00e9n\u00e9rale Extraordinaire sera organis\u00e9e par la suite afin de soumettre le projet de nouveaux statuts au vote des adh\u00e9rent.e.s<\/strong>.<\/p>\n\n\n\n<p>De nombreux autres sujets ont \u00e9t\u00e9 abord\u00e9s durant cette matin\u00e9e, tels que les attentes concernant le site de l&rsquo;AFIE, les possibilit\u00e9s d&rsquo;implication des membres dans les activit\u00e9s de l&rsquo;association, ou encore les liens \u00e0 tisser avec les acteurs priv\u00e9s. Nous vous laissons les d\u00e9couvrir dans le <strong>compte-rendu de l&rsquo;AG<\/strong>, disponible dans la rubrique \u00ab\u00a0Services aux adh\u00e9rents > Ressources documentaires > <a rel=\"noreferrer noopener\" href=\"https:\/\/afie-asso.fr\/index.php\/2020\/11\/13\/lafie-y-etait-les-comptes-rendus\/\" target=\"_blank\">l\u2019AFIE y \u00e9tait : les comptes-rendus<\/a>\u00a0\u00bb.<\/p>\n","protected":false},"excerpt":{"rendered":"<p>L&rsquo;Assembl\u00e9e G\u00e9n\u00e9rale Ordinaire s&rsquo;est tenue en visio le 10 avril dernier. Outre le bilan des activit\u00e9s 2020 et le renouvellement de 4 membres du CA &#8211; nous souhaitons \u00e0 ce sujet la bienvenue \u00e0 Lisa Jacquin qui rejoint l&rsquo;\u00e9quipe cette ann\u00e9e ! &#8211; deux projets d&rsquo;importance ont \u00e9t\u00e9 \u00e9voqu\u00e9s avec les participants : La proposition [&hellip;]<\/p>\n","protected":false},"author":1,"featured_media":1114,"comment_status":"open","ping_status":"open","sticky":false,"template":"","format":"standard","meta":{"footnotes":""},"categories":[20],"tags":[],"class_list":["post-1113","post","type-post","status-publish","format-standard","has-post-thumbnail","hentry","category-afie_y_etait"],"yoast_head":"<!-- This site is optimized with the Yoast SEO plugin v27.5 - https:\/\/yoast.com\/product\/yoast-seo-wordpress\/ -->\n<title>Assembl\u00e9e G\u00e9n\u00e9rale 2021 de l&#039;AFIE - AFIE<\/title>\n<meta name=\"robots\" content=\"index, follow, max-snippet:-1, max-image-preview:large, max-video-preview:-1\" \/>\n<link rel=\"canonical\" href=\"https:\/\/afie-asso.fr\/index.php\/2021\/06\/02\/assemblee-generale-2021-de-lafie\/\" \/>\n<meta property=\"og:locale\" content=\"fr_FR\" \/>\n<meta property=\"og:type\" content=\"article\" \/>\n<meta property=\"og:title\" content=\"Assembl\u00e9e G\u00e9n\u00e9rale 2021 de l&#039;AFIE - AFIE\" \/>\n<meta property=\"og:description\" content=\"L&rsquo;Assembl\u00e9e G\u00e9n\u00e9rale Ordinaire s&rsquo;est tenue en visio le 10 avril dernier. Outre le bilan des activit\u00e9s 2020 et le renouvellement de 4 membres du CA &#8211; nous souhaitons \u00e0 ce sujet la bienvenue \u00e0 Lisa Jacquin qui rejoint l&rsquo;\u00e9quipe cette ann\u00e9e ! &#8211; deux projets d&rsquo;importance ont \u00e9t\u00e9 \u00e9voqu\u00e9s avec les participants : La proposition [&hellip;]\" \/>\n<meta property=\"og:url\" content=\"https:\/\/afie-asso.fr\/index.php\/2021\/06\/02\/assemblee-generale-2021-de-lafie\/\" \/>\n<meta property=\"og:site_name\" content=\"AFIE\" \/>\n<meta property=\"article:published_time\" content=\"2021-06-02T09:59:08+00:00\" \/>\n<meta property=\"article:modified_time\" content=\"2021-06-02T12:57:46+00:00\" \/>\n<meta property=\"og:image\" content=\"https:\/\/afie-asso.fr\/wp-content\/uploads\/2021\/06\/image60.png\" \/>\n\t<meta property=\"og:image:width\" content=\"600\" \/>\n\t<meta property=\"og:image:height\" content=\"400\" \/>\n\t<meta property=\"og:image:type\" content=\"image\/png\" \/>\n<meta name=\"author\" content=\"M\u00e9lanie\" \/>\n<meta name=\"twitter:card\" content=\"summary_large_image\" \/>\n<meta name=\"twitter:label1\" content=\"\u00c9crit par\" \/>\n\t<meta name=\"twitter:data1\" content=\"M\u00e9lanie\" \/>\n\t<meta name=\"twitter:label2\" content=\"Dur\u00e9e de lecture estim\u00e9e\" \/>\n\t<meta name=\"twitter:data2\" content=\"3 minutes\" \/>\n<script type=\"application\/ld+json\" class=\"yoast-schema-graph\">{\"@context\":\"https:\\\/\\\/schema.org\",\"@graph\":[{\"@type\":\"Article\",\"@id\":\"https:\\\/\\\/afie-asso.fr\\\/index.php\\\/2021\\\/06\\\/02\\\/assemblee-generale-2021-de-lafie\\\/#article\",\"isPartOf\":{\"@id\":\"https:\\\/\\\/afie-asso.fr\\\/index.php\\\/2021\\\/06\\\/02\\\/assemblee-generale-2021-de-lafie\\\/\"},\"author\":{\"name\":\"M\u00e9lanie\",\"@id\":\"https:\\\/\\\/afie-asso.fr\\\/#\\\/schema\\\/person\\\/d78e440b9a14e3c7ab5788d70246aefc\"},\"headline\":\"Assembl\u00e9e G\u00e9n\u00e9rale 2021 de l&rsquo;AFIE\",\"datePublished\":\"2021-06-02T09:59:08+00:00\",\"dateModified\":\"2021-06-02T12:57:46+00:00\",\"mainEntityOfPage\":{\"@id\":\"https:\\\/\\\/afie-asso.fr\\\/index.php\\\/2021\\\/06\\\/02\\\/assemblee-generale-2021-de-lafie\\\/\"},\"wordCount\":540,\"commentCount\":0,\"publisher\":{\"@id\":\"https:\\\/\\\/afie-asso.fr\\\/#organization\"},\"image\":{\"@id\":\"https:\\\/\\\/afie-asso.fr\\\/index.php\\\/2021\\\/06\\\/02\\\/assemblee-generale-2021-de-lafie\\\/#primaryimage\"},\"thumbnailUrl\":\"https:\\\/\\\/afie-asso.fr\\\/wp-content\\\/uploads\\\/2021\\\/06\\\/image60.png\",\"articleSection\":[\"AFIE_y_etait\"],\"inLanguage\":\"fr-FR\",\"potentialAction\":[{\"@type\":\"CommentAction\",\"name\":\"Comment\",\"target\":[\"https:\\\/\\\/afie-asso.fr\\\/index.php\\\/2021\\\/06\\\/02\\\/assemblee-generale-2021-de-lafie\\\/#respond\"]}]},{\"@type\":\"WebPage\",\"@id\":\"https:\\\/\\\/afie-asso.fr\\\/index.php\\\/2021\\\/06\\\/02\\\/assemblee-generale-2021-de-lafie\\\/\",\"url\":\"https:\\\/\\\/afie-asso.fr\\\/index.php\\\/2021\\\/06\\\/02\\\/assemblee-generale-2021-de-lafie\\\/\",\"name\":\"Assembl\u00e9e G\u00e9n\u00e9rale 2021 de l'AFIE - AFIE\",\"isPartOf\":{\"@id\":\"https:\\\/\\\/afie-asso.fr\\\/#website\"},\"primaryImageOfPage\":{\"@id\":\"https:\\\/\\\/afie-asso.fr\\\/index.php\\\/2021\\\/06\\\/02\\\/assemblee-generale-2021-de-lafie\\\/#primaryimage\"},\"image\":{\"@id\":\"https:\\\/\\\/afie-asso.fr\\\/index.php\\\/2021\\\/06\\\/02\\\/assemblee-generale-2021-de-lafie\\\/#primaryimage\"},\"thumbnailUrl\":\"https:\\\/\\\/afie-asso.fr\\\/wp-content\\\/uploads\\\/2021\\\/06\\\/image60.png\",\"datePublished\":\"2021-06-02T09:59:08+00:00\",\"dateModified\":\"2021-06-02T12:57:46+00:00\",\"breadcrumb\":{\"@id\":\"https:\\\/\\\/afie-asso.fr\\\/index.php\\\/2021\\\/06\\\/02\\\/assemblee-generale-2021-de-lafie\\\/#breadcrumb\"},\"inLanguage\":\"fr-FR\",\"potentialAction\":[{\"@type\":\"ReadAction\",\"target\":[\"https:\\\/\\\/afie-asso.fr\\\/index.php\\\/2021\\\/06\\\/02\\\/assemblee-generale-2021-de-lafie\\\/\"]}]},{\"@type\":\"ImageObject\",\"inLanguage\":\"fr-FR\",\"@id\":\"https:\\\/\\\/afie-asso.fr\\\/index.php\\\/2021\\\/06\\\/02\\\/assemblee-generale-2021-de-lafie\\\/#primaryimage\",\"url\":\"https:\\\/\\\/afie-asso.fr\\\/wp-content\\\/uploads\\\/2021\\\/06\\\/image60.png\",\"contentUrl\":\"https:\\\/\\\/afie-asso.fr\\\/wp-content\\\/uploads\\\/2021\\\/06\\\/image60.png\",\"width\":600,\"height\":400},{\"@type\":\"BreadcrumbList\",\"@id\":\"https:\\\/\\\/afie-asso.fr\\\/index.php\\\/2021\\\/06\\\/02\\\/assemblee-generale-2021-de-lafie\\\/#breadcrumb\",\"itemListElement\":[{\"@type\":\"ListItem\",\"position\":1,\"name\":\"Accueil\",\"item\":\"https:\\\/\\\/afie-asso.fr\\\/\"},{\"@type\":\"ListItem\",\"position\":2,\"name\":\"Assembl\u00e9e G\u00e9n\u00e9rale 2021 de l&rsquo;AFIE\"}]},{\"@type\":\"WebSite\",\"@id\":\"https:\\\/\\\/afie-asso.fr\\\/#website\",\"url\":\"https:\\\/\\\/afie-asso.fr\\\/\",\"name\":\"AFIE\",\"description\":\"Association Fran\u00e7aise Interprofessionnelle des Ecologues\",\"publisher\":{\"@id\":\"https:\\\/\\\/afie-asso.fr\\\/#organization\"},\"potentialAction\":[{\"@type\":\"SearchAction\",\"target\":{\"@type\":\"EntryPoint\",\"urlTemplate\":\"https:\\\/\\\/afie-asso.fr\\\/?s={search_term_string}\"},\"query-input\":{\"@type\":\"PropertyValueSpecification\",\"valueRequired\":true,\"valueName\":\"search_term_string\"}}],\"inLanguage\":\"fr-FR\"},{\"@type\":\"Organization\",\"@id\":\"https:\\\/\\\/afie-asso.fr\\\/#organization\",\"name\":\"AFIE\",\"url\":\"https:\\\/\\\/afie-asso.fr\\\/\",\"logo\":{\"@type\":\"ImageObject\",\"inLanguage\":\"fr-FR\",\"@id\":\"https:\\\/\\\/afie-asso.fr\\\/#\\\/schema\\\/logo\\\/image\\\/\",\"url\":\"https:\\\/\\\/afie-asso.fr\\\/wp-content\\\/uploads\\\/2019\\\/05\\\/cropped-logo-AFIE-3.png\",\"contentUrl\":\"https:\\\/\\\/afie-asso.fr\\\/wp-content\\\/uploads\\\/2019\\\/05\\\/cropped-logo-AFIE-3.png\",\"width\":555,\"height\":459,\"caption\":\"AFIE\"},\"image\":{\"@id\":\"https:\\\/\\\/afie-asso.fr\\\/#\\\/schema\\\/logo\\\/image\\\/\"}},{\"@type\":\"Person\",\"@id\":\"https:\\\/\\\/afie-asso.fr\\\/#\\\/schema\\\/person\\\/d78e440b9a14e3c7ab5788d70246aefc\",\"name\":\"M\u00e9lanie\",\"image\":{\"@type\":\"ImageObject\",\"inLanguage\":\"fr-FR\",\"@id\":\"https:\\\/\\\/secure.gravatar.com\\\/avatar\\\/704150e6c505d4fc79cc0bfa42564e059c130c6990cf61ce1861eefb8ca3c0b4?s=96&d=mm&r=g\",\"url\":\"https:\\\/\\\/secure.gravatar.com\\\/avatar\\\/704150e6c505d4fc79cc0bfa42564e059c130c6990cf61ce1861eefb8ca3c0b4?s=96&d=mm&r=g\",\"contentUrl\":\"https:\\\/\\\/secure.gravatar.com\\\/avatar\\\/704150e6c505d4fc79cc0bfa42564e059c130c6990cf61ce1861eefb8ca3c0b4?s=96&d=mm&r=g\",\"caption\":\"M\u00e9lanie\"},\"url\":\"https:\\\/\\\/afie-asso.fr\\\/index.php\\\/author\\\/admin6654\\\/\"}]}<\/script>\n<!-- \/ Yoast SEO plugin. -->","yoast_head_json":{"title":"Assembl\u00e9e G\u00e9n\u00e9rale 2021 de l'AFIE - AFIE","robots":{"index":"index","follow":"follow","max-snippet":"max-snippet:-1","max-image-preview":"max-image-preview:large","max-video-preview":"max-video-preview:-1"},"canonical":"https:\/\/afie-asso.fr\/index.php\/2021\/06\/02\/assemblee-generale-2021-de-lafie\/","og_locale":"fr_FR","og_type":"article","og_title":"Assembl\u00e9e G\u00e9n\u00e9rale 2021 de l'AFIE - AFIE","og_description":"L&rsquo;Assembl\u00e9e G\u00e9n\u00e9rale Ordinaire s&rsquo;est tenue en visio le 10 avril dernier. Outre le bilan des activit\u00e9s 2020 et le renouvellement de 4 membres du CA &#8211; nous souhaitons \u00e0 ce sujet la bienvenue \u00e0 Lisa Jacquin qui rejoint l&rsquo;\u00e9quipe cette ann\u00e9e ! &#8211; deux projets d&rsquo;importance ont \u00e9t\u00e9 \u00e9voqu\u00e9s avec les participants : La proposition [&hellip;]","og_url":"https:\/\/afie-asso.fr\/index.php\/2021\/06\/02\/assemblee-generale-2021-de-lafie\/","og_site_name":"AFIE","article_published_time":"2021-06-02T09:59:08+00:00","article_modified_time":"2021-06-02T12:57:46+00:00","og_image":[{"width":600,"height":400,"url":"https:\/\/afie-asso.fr\/wp-content\/uploads\/2021\/06\/image60.png","type":"image\/png"}],"author":"M\u00e9lanie","twitter_card":"summary_large_image","twitter_misc":{"\u00c9crit par":"M\u00e9lanie","Dur\u00e9e de lecture estim\u00e9e":"3 minutes"},"schema":{"@context":"https:\/\/schema.org","@graph":[{"@type":"Article","@id":"https:\/\/afie-asso.fr\/index.php\/2021\/06\/02\/assemblee-generale-2021-de-lafie\/#article","isPartOf":{"@id":"https:\/\/afie-asso.fr\/index.php\/2021\/06\/02\/assemblee-generale-2021-de-lafie\/"},"author":{"name":"M\u00e9lanie","@id":"https:\/\/afie-asso.fr\/#\/schema\/person\/d78e440b9a14e3c7ab5788d70246aefc"},"headline":"Assembl\u00e9e G\u00e9n\u00e9rale 2021 de l&rsquo;AFIE","datePublished":"2021-06-02T09:59:08+00:00","dateModified":"2021-06-02T12:57:46+00:00","mainEntityOfPage":{"@id":"https:\/\/afie-asso.fr\/index.php\/2021\/06\/02\/assemblee-generale-2021-de-lafie\/"},"wordCount":540,"commentCount":0,"publisher":{"@id":"https:\/\/afie-asso.fr\/#organization"},"image":{"@id":"https:\/\/afie-asso.fr\/index.php\/2021\/06\/02\/assemblee-generale-2021-de-lafie\/#primaryimage"},"thumbnailUrl":"https:\/\/afie-asso.fr\/wp-content\/uploads\/2021\/06\/image60.png","articleSection":["AFIE_y_etait"],"inLanguage":"fr-FR","potentialAction":[{"@type":"CommentAction","name":"Comment","target":["https:\/\/afie-asso.fr\/index.php\/2021\/06\/02\/assemblee-generale-2021-de-lafie\/#respond"]}]},{"@type":"WebPage","@id":"https:\/\/afie-asso.fr\/index.php\/2021\/06\/02\/assemblee-generale-2021-de-lafie\/","url":"https:\/\/afie-asso.fr\/index.php\/2021\/06\/02\/assemblee-generale-2021-de-lafie\/","name":"Assembl\u00e9e G\u00e9n\u00e9rale 2021 de l'AFIE - AFIE","isPartOf":{"@id":"https:\/\/afie-asso.fr\/#website"},"primaryImageOfPage":{"@id":"https:\/\/afie-asso.fr\/index.php\/2021\/06\/02\/assemblee-generale-2021-de-lafie\/#primaryimage"},"image":{"@id":"https:\/\/afie-asso.fr\/index.php\/2021\/06\/02\/assemblee-generale-2021-de-lafie\/#primaryimage"},"thumbnailUrl":"https:\/\/afie-asso.fr\/wp-content\/uploads\/2021\/06\/image60.png","datePublished":"2021-06-02T09:59:08+00:00","dateModified":"2021-06-02T12:57:46+00:00","breadcrumb":{"@id":"https:\/\/afie-asso.fr\/index.php\/2021\/06\/02\/assemblee-generale-2021-de-lafie\/#breadcrumb"},"inLanguage":"fr-FR","potentialAction":[{"@type":"ReadAction","target":["https:\/\/afie-asso.fr\/index.php\/2021\/06\/02\/assemblee-generale-2021-de-lafie\/"]}]},{"@type":"ImageObject","inLanguage":"fr-FR","@id":"https:\/\/afie-asso.fr\/index.php\/2021\/06\/02\/assemblee-generale-2021-de-lafie\/#primaryimage","url":"https:\/\/afie-asso.fr\/wp-content\/uploads\/2021\/06\/image60.png","contentUrl":"https:\/\/afie-asso.fr\/wp-content\/uploads\/2021\/06\/image60.png","width":600,"height":400},{"@type":"BreadcrumbList","@id":"https:\/\/afie-asso.fr\/index.php\/2021\/06\/02\/assemblee-generale-2021-de-lafie\/#breadcrumb","itemListElement":[{"@type":"ListItem","position":1,"name":"Accueil","item":"https:\/\/afie-asso.fr\/"},{"@type":"ListItem","position":2,"name":"Assembl\u00e9e G\u00e9n\u00e9rale 2021 de l&rsquo;AFIE"}]},{"@type":"WebSite","@id":"https:\/\/afie-asso.fr\/#website","url":"https:\/\/afie-asso.fr\/","name":"AFIE","description":"Association Fran\u00e7aise Interprofessionnelle des Ecologues","publisher":{"@id":"https:\/\/afie-asso.fr\/#organization"},"potentialAction":[{"@type":"SearchAction","target":{"@type":"EntryPoint","urlTemplate":"https:\/\/afie-asso.fr\/?s={search_term_string}"},"query-input":{"@type":"PropertyValueSpecification","valueRequired":true,"valueName":"search_term_string"}}],"inLanguage":"fr-FR"},{"@type":"Organization","@id":"https:\/\/afie-asso.fr\/#organization","name":"AFIE","url":"https:\/\/afie-asso.fr\/","logo":{"@type":"ImageObject","inLanguage":"fr-FR","@id":"https:\/\/afie-asso.fr\/#\/schema\/logo\/image\/","url":"https:\/\/afie-asso.fr\/wp-content\/uploads\/2019\/05\/cropped-logo-AFIE-3.png","contentUrl":"https:\/\/afie-asso.fr\/wp-content\/uploads\/2019\/05\/cropped-logo-AFIE-3.png","width":555,"height":459,"caption":"AFIE"},"image":{"@id":"https:\/\/afie-asso.fr\/#\/schema\/logo\/image\/"}},{"@type":"Person","@id":"https:\/\/afie-asso.fr\/#\/schema\/person\/d78e440b9a14e3c7ab5788d70246aefc","name":"M\u00e9lanie","image":{"@type":"ImageObject","inLanguage":"fr-FR","@id":"https:\/\/secure.gravatar.com\/avatar\/704150e6c505d4fc79cc0bfa42564e059c130c6990cf61ce1861eefb8ca3c0b4?s=96&d=mm&r=g","url":"https:\/\/secure.gravatar.com\/avatar\/704150e6c505d4fc79cc0bfa42564e059c130c6990cf61ce1861eefb8ca3c0b4?s=96&d=mm&r=g","contentUrl":"https:\/\/secure.gravatar.com\/avatar\/704150e6c505d4fc79cc0bfa42564e059c130c6990cf61ce1861eefb8ca3c0b4?s=96&d=mm&r=g","caption":"M\u00e9lanie"},"url":"https:\/\/afie-asso.fr\/index.php\/author\/admin6654\/"}]}},"rttpg_featured_image_url":{"full":["https:\/\/afie-asso.fr\/wp-content\/uploads\/2021\/06\/image60.png",600,400,false],"landscape":["https:\/\/afie-asso.fr\/wp-content\/uploads\/2021\/06\/image60.png",600,400,false],"portraits":["https:\/\/afie-asso.fr\/wp-content\/uploads\/2021\/06\/image60.png",600,400,false],"thumbnail":["https:\/\/afie-asso.fr\/wp-content\/uploads\/2021\/06\/image60-150x150.png",150,150,true],"medium":["https:\/\/afie-asso.fr\/wp-content\/uploads\/2021\/06\/image60-300x200.png",300,200,true],"large":["https:\/\/afie-asso.fr\/wp-content\/uploads\/2021\/06\/image60.png",600,400,false],"1536x1536":["https:\/\/afie-asso.fr\/wp-content\/uploads\/2021\/06\/image60.png",600,400,false],"2048x2048":["https:\/\/afie-asso.fr\/wp-content\/uploads\/2021\/06\/image60.png",600,400,false]},"rttpg_author":{"display_name":"M\u00e9lanie","author_link":"https:\/\/afie-asso.fr\/index.php\/author\/admin6654\/"},"rttpg_comment":1,"rttpg_category":"<a href=\"https:\/\/afie-asso.fr\/index.php\/category\/afie_y_etait\/\" rel=\"category tag\">AFIE_y_etait<\/a>","rttpg_excerpt":"L&rsquo;Assembl\u00e9e G\u00e9n\u00e9rale Ordinaire s&rsquo;est tenue en visio le 10 avril dernier. Outre le bilan des activit\u00e9s 2020 et le renouvellement de 4 membres du CA &#8211; nous souhaitons \u00e0 ce sujet la bienvenue \u00e0 Lisa Jacquin qui rejoint l&rsquo;\u00e9quipe cette ann\u00e9e ! &#8211; deux projets d&rsquo;importance ont \u00e9t\u00e9 \u00e9voqu\u00e9s avec les participants : La proposition\u2026","_links":{"self":[{"href":"https:\/\/afie-asso.fr\/index.php\/wp-json\/wp\/v2\/posts\/1113","targetHints":{"allow":["GET"]}}],"collection":[{"href":"https:\/\/afie-asso.fr\/index.php\/wp-json\/wp\/v2\/posts"}],"about":[{"href":"https:\/\/afie-asso.fr\/index.php\/wp-json\/wp\/v2\/types\/post"}],"author":[{"embeddable":true,"href":"https:\/\/afie-asso.fr\/index.php\/wp-json\/wp\/v2\/users\/1"}],"replies":[{"embeddable":true,"href":"https:\/\/afie-asso.fr\/index.php\/wp-json\/wp\/v2\/comments?post=1113"}],"version-history":[{"count":1,"href":"https:\/\/afie-asso.fr\/index.php\/wp-json\/wp\/v2\/posts\/1113\/revisions"}],"predecessor-version":[{"id":1115,"href":"https:\/\/afie-asso.fr\/index.php\/wp-json\/wp\/v2\/posts\/1113\/revisions\/1115"}],"wp:featuredmedia":[{"embeddable":true,"href":"https:\/\/afie-asso.fr\/index.php\/wp-json\/wp\/v2\/media\/1114"}],"wp:attachment":[{"href":"https:\/\/afie-asso.fr\/index.php\/wp-json\/wp\/v2\/media?parent=1113"}],"wp:term":[{"taxonomy":"category","embeddable":true,"href":"https:\/\/afie-asso.fr\/index.php\/wp-json\/wp\/v2\/categories?post=1113"},{"taxonomy":"post_tag","embeddable":true,"href":"https:\/\/afie-asso.fr\/index.php\/wp-json\/wp\/v2\/tags?post=1113"}],"curies":[{"name":"wp","href":"https:\/\/api.w.org\/{rel}","templated":true}]}}