{"id":1057,"date":"2021-01-26T10:23:39","date_gmt":"2021-01-26T09:23:39","guid":{"rendered":"http:\/\/afie-asso.fr\/?p=1057"},"modified":"2021-01-26T10:31:46","modified_gmt":"2021-01-26T09:31:46","slug":"en-2021-rejoignez-lafie-et-sa-communaute","status":"publish","type":"post","link":"https:\/\/afie-asso.fr\/index.php\/2021\/01\/26\/en-2021-rejoignez-lafie-et-sa-communaute\/","title":{"rendered":"En 2021, rejoignez l&rsquo;AFIE et sa communaut\u00e9 !"},"content":{"rendered":"\n<p>Chers Coll\u00e8gues, \u00e9cologue ou sympathisant,<\/p>\n\n\n\n<p><strong>En cette ann\u00e9e 2021, rejoignez-nous !<\/strong><\/p>\n\n\n\n<p>Une nouvelle \u00e9quipe, un nouveau site internet, de nouveaux outils et une belle dynamique des adh\u00e9rents <strong>pour porter collectivement la voix des \u00e9cologues et de la pr\u00e9servation de la Biodiversit\u00e9 <\/strong>: autant de bonnes raisons de d&rsquo;adh\u00e9rer ou de r\u00e9-adh\u00e9rer !&nbsp;N&rsquo;h\u00e9sitez pas \u00e0 visiter l&rsquo;ensemble du nouveau site internet&nbsp;pour vous faire une id\u00e9e des derni\u00e8res actions de l&rsquo;association.<\/p>\n\n\n\n<p>Et si cela ne suffisait pas, rappelez-vous que votre adh\u00e9sion \u00e0 l\u2019AFIE vous permettra \u00e9galement de :<\/p>\n\n\n\n<ul class=\"wp-block-list\"><li>&#8211; <strong>Faire partie d\u2019un r\u00e9seau national d\u2019\u00e9cologues<\/strong>\u00a0que l\u2019on peut solliciter via le r\u00e9seau r\u00e9gional ou la liste de discussions \u00e9lectronique (questions d\u2019ordre technique, m\u00e9thodologique, bibliographique, \u00e9thique&#8230;), et ainsi d\u00e9velopper vos contacts professionnels (r\u00e9seau d\u2019\u00e9changes et de soutien) ;<\/li><\/ul>\n\n\n\n<ul class=\"wp-block-list\"><li>&#8211; <strong>Soutenir l\u2019association nationale qui d\u00e9fend la profession d\u2019\u00e9cologue\u00a0<\/strong>dans toutes les instances de la soci\u00e9t\u00e9 et des institutions fran\u00e7aises (Minist\u00e8res et services associ\u00e9s, P\u00f4le Emploi&#8230;) par le biais de son code de d\u00e9ontologie (int\u00e9grit\u00e9 et transparence des prestations) et la promotion de bonnes pratiques (m\u00e9thodologies d\u2019inventaires et gestion des milieux, &#8230;) ;<\/li><\/ul>\n\n\n\n<ul class=\"wp-block-list\"><li>&#8211; <strong>Recevoir des informations cibl\u00e9es sur l\u2019\u00e9cologie appliqu\u00e9e\u00a0<\/strong>(actualit\u00e9s, \u00e9v\u00e9nements, formations&#8230;) qui sont diffus\u00e9es via un groupe de discussions \u00e9lectronique ;<\/li><\/ul>\n\n\n\n<ul class=\"wp-block-list\"><li>&#8211; <strong>Avoir acc\u00e8s \u00e0 des offres d\u2019emploi\u00a0<\/strong>cibl\u00e9es pour des \u00e9cologues souvent avant leur diffusion dans les m\u00e9dias sp\u00e9cialis\u00e9s ;<\/li><\/ul>\n\n\n\n<ul class=\"wp-block-list\"><li>&#8211; <strong>\u00catre inscrit(e) \u00e0 l\u2019annuaire des membres\u00a0<\/strong>et ainsi se faire conna\u00eetre aupr\u00e8s des autres membres ou tout autre public cherchant des \u00e9cologues professionnels pour leurs comp\u00e9tences et savoir-faire ;<\/li><\/ul>\n\n\n\n<ul class=\"wp-block-list\"><li>&#8211; <strong>Pouvoir contribuer ou assister \u00e0 diff\u00e9rents travaux collaboratifs<\/strong>\u00a0pour lesquels on ne pourrait le faire \u00e0 titre personnel ou pour lesquels la structure dans laquelle on travaille n\u2019est pas sollicit\u00e9e.<\/li><\/ul>\n\n\n\n<ul class=\"wp-block-list\"><li>&#8211; <strong>B\u00e9n\u00e9ficier d\u2019un tarif r\u00e9duit, voire de la gratuit\u00e9 lors de l\u2019inscription \u00e0 un \u00e9v\u00e8nement.<\/strong>\u00a0C\u2019est le cas par exemple pour les Assises nationales de la biodiversit\u00e9, qui ont lieu tous les ans depuis 2011. Les adh\u00e9rents AFIE b\u00e9n\u00e9ficient de la gratuit\u00e9 des frais d\u2019inscription, ce qui repr\u00e9sente une \u00e9conomie de 200 \u20ac environ&#8230;<\/li><\/ul>\n\n\n\n<ul class=\"wp-block-list\"><li>&#8211; <strong>Vous engager \u00e0 mettre en \u0153uvre, d\u00e9fendre et promouvoir des pratiques\u00a0<\/strong>suivant le code d\u00e9ontologique de la profession.<\/li><\/ul>\n\n\n\n<p>Toutes ces actions ne peuvent avoir lieu qu&rsquo;avec votre concours financier.<\/p>\n\n\n\n<p>Aussi, pour continuer \u00e0 nous soutenir et b\u00e9n\u00e9ficier de ces services, nous vous invitons \u00e0 consulter\u00a0la\u00a0<a rel=\"noreferrer noopener\" href=\"https:\/\/afie-asso.fr\/index.php\/adherer-a-lafie\/tarifs-des-cotisations\/\" target=\"_blank\">grille des cotisations<\/a>\u00a0et \u00e0\u00a0<a rel=\"noreferrer noopener\" href=\"https:\/\/www.helloasso.com\/associations\/association-francaise-interprofessionnelle-des-ecologues\/adhesions\/adhesions-afie-2021\" target=\"_blank\">adh\u00e9rer<\/a>.<br>Nous sommes impatients de vous compter (de nouveau) parmi nos membres !<\/p>\n\n\n\n<p>Bien \u00e9cologiquement,<\/p>\n\n\n\n<p><strong>Le Conseil d&rsquo;Administration de l&rsquo;AFIE<\/strong><\/p>\n","protected":false},"excerpt":{"rendered":"<p>Chers Coll\u00e8gues, \u00e9cologue ou sympathisant, En cette ann\u00e9e 2021, rejoignez-nous ! Une nouvelle \u00e9quipe, un nouveau site internet, de nouveaux outils et une belle dynamique des adh\u00e9rents pour porter collectivement la voix des \u00e9cologues et de la pr\u00e9servation de la Biodiversit\u00e9 : autant de bonnes raisons de d&rsquo;adh\u00e9rer ou de r\u00e9-adh\u00e9rer !&nbsp;N&rsquo;h\u00e9sitez pas \u00e0 visiter [&hellip;]<\/p>\n","protected":false},"author":6,"featured_media":1058,"comment_status":"open","ping_status":"open","sticky":false,"template":"","format":"standard","meta":{"footnotes":""},"categories":[20],"tags":[],"class_list":["post-1057","post","type-post","status-publish","format-standard","has-post-thumbnail","hentry","category-afie_y_etait"],"yoast_head":"<!-- This site is optimized with the Yoast SEO plugin v27.4 - https:\/\/yoast.com\/product\/yoast-seo-wordpress\/ -->\n<title>En 2021, rejoignez l&#039;AFIE et sa communaut\u00e9 ! - AFIE<\/title>\n<meta name=\"robots\" content=\"index, follow, max-snippet:-1, max-image-preview:large, max-video-preview:-1\" \/>\n<link rel=\"canonical\" href=\"https:\/\/afie-asso.fr\/index.php\/2021\/01\/26\/en-2021-rejoignez-lafie-et-sa-communaute\/\" \/>\n<meta property=\"og:locale\" content=\"fr_FR\" \/>\n<meta property=\"og:type\" content=\"article\" \/>\n<meta property=\"og:title\" content=\"En 2021, rejoignez l&#039;AFIE et sa communaut\u00e9 ! - AFIE\" \/>\n<meta property=\"og:description\" content=\"Chers Coll\u00e8gues, \u00e9cologue ou sympathisant, En cette ann\u00e9e 2021, rejoignez-nous ! Une nouvelle \u00e9quipe, un nouveau site internet, de nouveaux outils et une belle dynamique des adh\u00e9rents pour porter collectivement la voix des \u00e9cologues et de la pr\u00e9servation de la Biodiversit\u00e9 : autant de bonnes raisons de d&rsquo;adh\u00e9rer ou de r\u00e9-adh\u00e9rer !&nbsp;N&rsquo;h\u00e9sitez pas \u00e0 visiter [&hellip;]\" \/>\n<meta property=\"og:url\" content=\"https:\/\/afie-asso.fr\/index.php\/2021\/01\/26\/en-2021-rejoignez-lafie-et-sa-communaute\/\" \/>\n<meta property=\"og:site_name\" content=\"AFIE\" \/>\n<meta property=\"article:published_time\" content=\"2021-01-26T09:23:39+00:00\" \/>\n<meta property=\"article:modified_time\" content=\"2021-01-26T09:31:46+00:00\" \/>\n<meta property=\"og:image\" content=\"https:\/\/afie-asso.fr\/wp-content\/uploads\/2021\/01\/AFIE_Voeux2021-1024x727.png\" \/>\n\t<meta property=\"og:image:width\" content=\"1024\" \/>\n\t<meta property=\"og:image:height\" content=\"727\" \/>\n\t<meta property=\"og:image:type\" content=\"image\/png\" \/>\n<meta name=\"author\" content=\"Blanche GOMEZ\" \/>\n<meta name=\"twitter:card\" content=\"summary_large_image\" \/>\n<meta name=\"twitter:label1\" content=\"\u00c9crit par\" \/>\n\t<meta name=\"twitter:data1\" content=\"Blanche GOMEZ\" \/>\n\t<meta name=\"twitter:label2\" content=\"Dur\u00e9e de lecture estim\u00e9e\" \/>\n\t<meta name=\"twitter:data2\" content=\"2 minutes\" \/>\n<script type=\"application\/ld+json\" class=\"yoast-schema-graph\">{\"@context\":\"https:\\\/\\\/schema.org\",\"@graph\":[{\"@type\":\"Article\",\"@id\":\"https:\\\/\\\/afie-asso.fr\\\/index.php\\\/2021\\\/01\\\/26\\\/en-2021-rejoignez-lafie-et-sa-communaute\\\/#article\",\"isPartOf\":{\"@id\":\"https:\\\/\\\/afie-asso.fr\\\/index.php\\\/2021\\\/01\\\/26\\\/en-2021-rejoignez-lafie-et-sa-communaute\\\/\"},\"author\":{\"name\":\"Blanche GOMEZ\",\"@id\":\"https:\\\/\\\/afie-asso.fr\\\/#\\\/schema\\\/person\\\/b891fe5a7e475c1b01891fe6258c6dd4\"},\"headline\":\"En 2021, rejoignez l&rsquo;AFIE et sa communaut\u00e9 !\",\"datePublished\":\"2021-01-26T09:23:39+00:00\",\"dateModified\":\"2021-01-26T09:31:46+00:00\",\"mainEntityOfPage\":{\"@id\":\"https:\\\/\\\/afie-asso.fr\\\/index.php\\\/2021\\\/01\\\/26\\\/en-2021-rejoignez-lafie-et-sa-communaute\\\/\"},\"wordCount\":470,\"commentCount\":0,\"publisher\":{\"@id\":\"https:\\\/\\\/afie-asso.fr\\\/#organization\"},\"image\":{\"@id\":\"https:\\\/\\\/afie-asso.fr\\\/index.php\\\/2021\\\/01\\\/26\\\/en-2021-rejoignez-lafie-et-sa-communaute\\\/#primaryimage\"},\"thumbnailUrl\":\"https:\\\/\\\/afie-asso.fr\\\/wp-content\\\/uploads\\\/2021\\\/01\\\/AFIE_Voeux2021.png\",\"articleSection\":[\"AFIE_y_etait\"],\"inLanguage\":\"fr-FR\",\"potentialAction\":[{\"@type\":\"CommentAction\",\"name\":\"Comment\",\"target\":[\"https:\\\/\\\/afie-asso.fr\\\/index.php\\\/2021\\\/01\\\/26\\\/en-2021-rejoignez-lafie-et-sa-communaute\\\/#respond\"]}]},{\"@type\":\"WebPage\",\"@id\":\"https:\\\/\\\/afie-asso.fr\\\/index.php\\\/2021\\\/01\\\/26\\\/en-2021-rejoignez-lafie-et-sa-communaute\\\/\",\"url\":\"https:\\\/\\\/afie-asso.fr\\\/index.php\\\/2021\\\/01\\\/26\\\/en-2021-rejoignez-lafie-et-sa-communaute\\\/\",\"name\":\"En 2021, rejoignez l'AFIE et sa communaut\u00e9 ! - AFIE\",\"isPartOf\":{\"@id\":\"https:\\\/\\\/afie-asso.fr\\\/#website\"},\"primaryImageOfPage\":{\"@id\":\"https:\\\/\\\/afie-asso.fr\\\/index.php\\\/2021\\\/01\\\/26\\\/en-2021-rejoignez-lafie-et-sa-communaute\\\/#primaryimage\"},\"image\":{\"@id\":\"https:\\\/\\\/afie-asso.fr\\\/index.php\\\/2021\\\/01\\\/26\\\/en-2021-rejoignez-lafie-et-sa-communaute\\\/#primaryimage\"},\"thumbnailUrl\":\"https:\\\/\\\/afie-asso.fr\\\/wp-content\\\/uploads\\\/2021\\\/01\\\/AFIE_Voeux2021.png\",\"datePublished\":\"2021-01-26T09:23:39+00:00\",\"dateModified\":\"2021-01-26T09:31:46+00:00\",\"breadcrumb\":{\"@id\":\"https:\\\/\\\/afie-asso.fr\\\/index.php\\\/2021\\\/01\\\/26\\\/en-2021-rejoignez-lafie-et-sa-communaute\\\/#breadcrumb\"},\"inLanguage\":\"fr-FR\",\"potentialAction\":[{\"@type\":\"ReadAction\",\"target\":[\"https:\\\/\\\/afie-asso.fr\\\/index.php\\\/2021\\\/01\\\/26\\\/en-2021-rejoignez-lafie-et-sa-communaute\\\/\"]}]},{\"@type\":\"ImageObject\",\"inLanguage\":\"fr-FR\",\"@id\":\"https:\\\/\\\/afie-asso.fr\\\/index.php\\\/2021\\\/01\\\/26\\\/en-2021-rejoignez-lafie-et-sa-communaute\\\/#primaryimage\",\"url\":\"https:\\\/\\\/afie-asso.fr\\\/wp-content\\\/uploads\\\/2021\\\/01\\\/AFIE_Voeux2021.png\",\"contentUrl\":\"https:\\\/\\\/afie-asso.fr\\\/wp-content\\\/uploads\\\/2021\\\/01\\\/AFIE_Voeux2021.png\",\"width\":1747,\"height\":1240},{\"@type\":\"BreadcrumbList\",\"@id\":\"https:\\\/\\\/afie-asso.fr\\\/index.php\\\/2021\\\/01\\\/26\\\/en-2021-rejoignez-lafie-et-sa-communaute\\\/#breadcrumb\",\"itemListElement\":[{\"@type\":\"ListItem\",\"position\":1,\"name\":\"Accueil\",\"item\":\"https:\\\/\\\/afie-asso.fr\\\/\"},{\"@type\":\"ListItem\",\"position\":2,\"name\":\"En 2021, rejoignez l&rsquo;AFIE et sa communaut\u00e9 !\"}]},{\"@type\":\"WebSite\",\"@id\":\"https:\\\/\\\/afie-asso.fr\\\/#website\",\"url\":\"https:\\\/\\\/afie-asso.fr\\\/\",\"name\":\"AFIE\",\"description\":\"Association Fran\u00e7aise Interprofessionnelle des Ecologues\",\"publisher\":{\"@id\":\"https:\\\/\\\/afie-asso.fr\\\/#organization\"},\"potentialAction\":[{\"@type\":\"SearchAction\",\"target\":{\"@type\":\"EntryPoint\",\"urlTemplate\":\"https:\\\/\\\/afie-asso.fr\\\/?s={search_term_string}\"},\"query-input\":{\"@type\":\"PropertyValueSpecification\",\"valueRequired\":true,\"valueName\":\"search_term_string\"}}],\"inLanguage\":\"fr-FR\"},{\"@type\":\"Organization\",\"@id\":\"https:\\\/\\\/afie-asso.fr\\\/#organization\",\"name\":\"AFIE\",\"url\":\"https:\\\/\\\/afie-asso.fr\\\/\",\"logo\":{\"@type\":\"ImageObject\",\"inLanguage\":\"fr-FR\",\"@id\":\"https:\\\/\\\/afie-asso.fr\\\/#\\\/schema\\\/logo\\\/image\\\/\",\"url\":\"https:\\\/\\\/afie-asso.fr\\\/wp-content\\\/uploads\\\/2019\\\/05\\\/cropped-logo-AFIE-3.png\",\"contentUrl\":\"https:\\\/\\\/afie-asso.fr\\\/wp-content\\\/uploads\\\/2019\\\/05\\\/cropped-logo-AFIE-3.png\",\"width\":555,\"height\":459,\"caption\":\"AFIE\"},\"image\":{\"@id\":\"https:\\\/\\\/afie-asso.fr\\\/#\\\/schema\\\/logo\\\/image\\\/\"}},{\"@type\":\"Person\",\"@id\":\"https:\\\/\\\/afie-asso.fr\\\/#\\\/schema\\\/person\\\/b891fe5a7e475c1b01891fe6258c6dd4\",\"name\":\"Blanche GOMEZ\",\"image\":{\"@type\":\"ImageObject\",\"inLanguage\":\"fr-FR\",\"@id\":\"https:\\\/\\\/secure.gravatar.com\\\/avatar\\\/81075a8dc599a0b3da912d1722483ef9016b733634880c59ae6ed38bdfb6c0c8?s=96&d=mm&r=g\",\"url\":\"https:\\\/\\\/secure.gravatar.com\\\/avatar\\\/81075a8dc599a0b3da912d1722483ef9016b733634880c59ae6ed38bdfb6c0c8?s=96&d=mm&r=g\",\"contentUrl\":\"https:\\\/\\\/secure.gravatar.com\\\/avatar\\\/81075a8dc599a0b3da912d1722483ef9016b733634880c59ae6ed38bdfb6c0c8?s=96&d=mm&r=g\",\"caption\":\"Blanche GOMEZ\"},\"url\":\"https:\\\/\\\/afie-asso.fr\\\/index.php\\\/author\\\/blanche\\\/\"}]}<\/script>\n<!-- \/ Yoast SEO plugin. -->","yoast_head_json":{"title":"En 2021, rejoignez l'AFIE et sa communaut\u00e9 ! - AFIE","robots":{"index":"index","follow":"follow","max-snippet":"max-snippet:-1","max-image-preview":"max-image-preview:large","max-video-preview":"max-video-preview:-1"},"canonical":"https:\/\/afie-asso.fr\/index.php\/2021\/01\/26\/en-2021-rejoignez-lafie-et-sa-communaute\/","og_locale":"fr_FR","og_type":"article","og_title":"En 2021, rejoignez l'AFIE et sa communaut\u00e9 ! - AFIE","og_description":"Chers Coll\u00e8gues, \u00e9cologue ou sympathisant, En cette ann\u00e9e 2021, rejoignez-nous ! Une nouvelle \u00e9quipe, un nouveau site internet, de nouveaux outils et une belle dynamique des adh\u00e9rents pour porter collectivement la voix des \u00e9cologues et de la pr\u00e9servation de la Biodiversit\u00e9 : autant de bonnes raisons de d&rsquo;adh\u00e9rer ou de r\u00e9-adh\u00e9rer !&nbsp;N&rsquo;h\u00e9sitez pas \u00e0 visiter [&hellip;]","og_url":"https:\/\/afie-asso.fr\/index.php\/2021\/01\/26\/en-2021-rejoignez-lafie-et-sa-communaute\/","og_site_name":"AFIE","article_published_time":"2021-01-26T09:23:39+00:00","article_modified_time":"2021-01-26T09:31:46+00:00","og_image":[{"width":1024,"height":727,"url":"https:\/\/afie-asso.fr\/wp-content\/uploads\/2021\/01\/AFIE_Voeux2021-1024x727.png","type":"image\/png"}],"author":"Blanche GOMEZ","twitter_card":"summary_large_image","twitter_misc":{"\u00c9crit par":"Blanche GOMEZ","Dur\u00e9e de lecture estim\u00e9e":"2 minutes"},"schema":{"@context":"https:\/\/schema.org","@graph":[{"@type":"Article","@id":"https:\/\/afie-asso.fr\/index.php\/2021\/01\/26\/en-2021-rejoignez-lafie-et-sa-communaute\/#article","isPartOf":{"@id":"https:\/\/afie-asso.fr\/index.php\/2021\/01\/26\/en-2021-rejoignez-lafie-et-sa-communaute\/"},"author":{"name":"Blanche GOMEZ","@id":"https:\/\/afie-asso.fr\/#\/schema\/person\/b891fe5a7e475c1b01891fe6258c6dd4"},"headline":"En 2021, rejoignez l&rsquo;AFIE et sa communaut\u00e9 !","datePublished":"2021-01-26T09:23:39+00:00","dateModified":"2021-01-26T09:31:46+00:00","mainEntityOfPage":{"@id":"https:\/\/afie-asso.fr\/index.php\/2021\/01\/26\/en-2021-rejoignez-lafie-et-sa-communaute\/"},"wordCount":470,"commentCount":0,"publisher":{"@id":"https:\/\/afie-asso.fr\/#organization"},"image":{"@id":"https:\/\/afie-asso.fr\/index.php\/2021\/01\/26\/en-2021-rejoignez-lafie-et-sa-communaute\/#primaryimage"},"thumbnailUrl":"https:\/\/afie-asso.fr\/wp-content\/uploads\/2021\/01\/AFIE_Voeux2021.png","articleSection":["AFIE_y_etait"],"inLanguage":"fr-FR","potentialAction":[{"@type":"CommentAction","name":"Comment","target":["https:\/\/afie-asso.fr\/index.php\/2021\/01\/26\/en-2021-rejoignez-lafie-et-sa-communaute\/#respond"]}]},{"@type":"WebPage","@id":"https:\/\/afie-asso.fr\/index.php\/2021\/01\/26\/en-2021-rejoignez-lafie-et-sa-communaute\/","url":"https:\/\/afie-asso.fr\/index.php\/2021\/01\/26\/en-2021-rejoignez-lafie-et-sa-communaute\/","name":"En 2021, rejoignez l'AFIE et sa communaut\u00e9 ! - AFIE","isPartOf":{"@id":"https:\/\/afie-asso.fr\/#website"},"primaryImageOfPage":{"@id":"https:\/\/afie-asso.fr\/index.php\/2021\/01\/26\/en-2021-rejoignez-lafie-et-sa-communaute\/#primaryimage"},"image":{"@id":"https:\/\/afie-asso.fr\/index.php\/2021\/01\/26\/en-2021-rejoignez-lafie-et-sa-communaute\/#primaryimage"},"thumbnailUrl":"https:\/\/afie-asso.fr\/wp-content\/uploads\/2021\/01\/AFIE_Voeux2021.png","datePublished":"2021-01-26T09:23:39+00:00","dateModified":"2021-01-26T09:31:46+00:00","breadcrumb":{"@id":"https:\/\/afie-asso.fr\/index.php\/2021\/01\/26\/en-2021-rejoignez-lafie-et-sa-communaute\/#breadcrumb"},"inLanguage":"fr-FR","potentialAction":[{"@type":"ReadAction","target":["https:\/\/afie-asso.fr\/index.php\/2021\/01\/26\/en-2021-rejoignez-lafie-et-sa-communaute\/"]}]},{"@type":"ImageObject","inLanguage":"fr-FR","@id":"https:\/\/afie-asso.fr\/index.php\/2021\/01\/26\/en-2021-rejoignez-lafie-et-sa-communaute\/#primaryimage","url":"https:\/\/afie-asso.fr\/wp-content\/uploads\/2021\/01\/AFIE_Voeux2021.png","contentUrl":"https:\/\/afie-asso.fr\/wp-content\/uploads\/2021\/01\/AFIE_Voeux2021.png","width":1747,"height":1240},{"@type":"BreadcrumbList","@id":"https:\/\/afie-asso.fr\/index.php\/2021\/01\/26\/en-2021-rejoignez-lafie-et-sa-communaute\/#breadcrumb","itemListElement":[{"@type":"ListItem","position":1,"name":"Accueil","item":"https:\/\/afie-asso.fr\/"},{"@type":"ListItem","position":2,"name":"En 2021, rejoignez l&rsquo;AFIE et sa communaut\u00e9 !"}]},{"@type":"WebSite","@id":"https:\/\/afie-asso.fr\/#website","url":"https:\/\/afie-asso.fr\/","name":"AFIE","description":"Association Fran\u00e7aise Interprofessionnelle des Ecologues","publisher":{"@id":"https:\/\/afie-asso.fr\/#organization"},"potentialAction":[{"@type":"SearchAction","target":{"@type":"EntryPoint","urlTemplate":"https:\/\/afie-asso.fr\/?s={search_term_string}"},"query-input":{"@type":"PropertyValueSpecification","valueRequired":true,"valueName":"search_term_string"}}],"inLanguage":"fr-FR"},{"@type":"Organization","@id":"https:\/\/afie-asso.fr\/#organization","name":"AFIE","url":"https:\/\/afie-asso.fr\/","logo":{"@type":"ImageObject","inLanguage":"fr-FR","@id":"https:\/\/afie-asso.fr\/#\/schema\/logo\/image\/","url":"https:\/\/afie-asso.fr\/wp-content\/uploads\/2019\/05\/cropped-logo-AFIE-3.png","contentUrl":"https:\/\/afie-asso.fr\/wp-content\/uploads\/2019\/05\/cropped-logo-AFIE-3.png","width":555,"height":459,"caption":"AFIE"},"image":{"@id":"https:\/\/afie-asso.fr\/#\/schema\/logo\/image\/"}},{"@type":"Person","@id":"https:\/\/afie-asso.fr\/#\/schema\/person\/b891fe5a7e475c1b01891fe6258c6dd4","name":"Blanche GOMEZ","image":{"@type":"ImageObject","inLanguage":"fr-FR","@id":"https:\/\/secure.gravatar.com\/avatar\/81075a8dc599a0b3da912d1722483ef9016b733634880c59ae6ed38bdfb6c0c8?s=96&d=mm&r=g","url":"https:\/\/secure.gravatar.com\/avatar\/81075a8dc599a0b3da912d1722483ef9016b733634880c59ae6ed38bdfb6c0c8?s=96&d=mm&r=g","contentUrl":"https:\/\/secure.gravatar.com\/avatar\/81075a8dc599a0b3da912d1722483ef9016b733634880c59ae6ed38bdfb6c0c8?s=96&d=mm&r=g","caption":"Blanche GOMEZ"},"url":"https:\/\/afie-asso.fr\/index.php\/author\/blanche\/"}]}},"rttpg_featured_image_url":{"full":["https:\/\/afie-asso.fr\/wp-content\/uploads\/2021\/01\/AFIE_Voeux2021.png",1747,1240,false],"landscape":["https:\/\/afie-asso.fr\/wp-content\/uploads\/2021\/01\/AFIE_Voeux2021.png",1747,1240,false],"portraits":["https:\/\/afie-asso.fr\/wp-content\/uploads\/2021\/01\/AFIE_Voeux2021.png",1747,1240,false],"thumbnail":["https:\/\/afie-asso.fr\/wp-content\/uploads\/2021\/01\/AFIE_Voeux2021-150x150.png",150,150,true],"medium":["https:\/\/afie-asso.fr\/wp-content\/uploads\/2021\/01\/AFIE_Voeux2021-300x213.png",300,213,true],"large":["https:\/\/afie-asso.fr\/wp-content\/uploads\/2021\/01\/AFIE_Voeux2021-1024x727.png",1024,727,true],"1536x1536":["https:\/\/afie-asso.fr\/wp-content\/uploads\/2021\/01\/AFIE_Voeux2021-1536x1090.png",1536,1090,true],"2048x2048":["https:\/\/afie-asso.fr\/wp-content\/uploads\/2021\/01\/AFIE_Voeux2021.png",1747,1240,false]},"rttpg_author":{"display_name":"Blanche GOMEZ","author_link":"https:\/\/afie-asso.fr\/index.php\/author\/blanche\/"},"rttpg_comment":0,"rttpg_category":"<a href=\"https:\/\/afie-asso.fr\/index.php\/category\/afie_y_etait\/\" rel=\"category tag\">AFIE_y_etait<\/a>","rttpg_excerpt":"Chers Coll\u00e8gues, \u00e9cologue ou sympathisant, En cette ann\u00e9e 2021, rejoignez-nous ! Une nouvelle \u00e9quipe, un nouveau site internet, de nouveaux outils et une belle dynamique des adh\u00e9rents pour porter collectivement la voix des \u00e9cologues et de la pr\u00e9servation de la Biodiversit\u00e9 : autant de bonnes raisons de d&rsquo;adh\u00e9rer ou de r\u00e9-adh\u00e9rer !&nbsp;N&rsquo;h\u00e9sitez pas \u00e0 visiter\u2026","_links":{"self":[{"href":"https:\/\/afie-asso.fr\/index.php\/wp-json\/wp\/v2\/posts\/1057","targetHints":{"allow":["GET"]}}],"collection":[{"href":"https:\/\/afie-asso.fr\/index.php\/wp-json\/wp\/v2\/posts"}],"about":[{"href":"https:\/\/afie-asso.fr\/index.php\/wp-json\/wp\/v2\/types\/post"}],"author":[{"embeddable":true,"href":"https:\/\/afie-asso.fr\/index.php\/wp-json\/wp\/v2\/users\/6"}],"replies":[{"embeddable":true,"href":"https:\/\/afie-asso.fr\/index.php\/wp-json\/wp\/v2\/comments?post=1057"}],"version-history":[{"count":4,"href":"https:\/\/afie-asso.fr\/index.php\/wp-json\/wp\/v2\/posts\/1057\/revisions"}],"predecessor-version":[{"id":1063,"href":"https:\/\/afie-asso.fr\/index.php\/wp-json\/wp\/v2\/posts\/1057\/revisions\/1063"}],"wp:featuredmedia":[{"embeddable":true,"href":"https:\/\/afie-asso.fr\/index.php\/wp-json\/wp\/v2\/media\/1058"}],"wp:attachment":[{"href":"https:\/\/afie-asso.fr\/index.php\/wp-json\/wp\/v2\/media?parent=1057"}],"wp:term":[{"taxonomy":"category","embeddable":true,"href":"https:\/\/afie-asso.fr\/index.php\/wp-json\/wp\/v2\/categories?post=1057"},{"taxonomy":"post_tag","embeddable":true,"href":"https:\/\/afie-asso.fr\/index.php\/wp-json\/wp\/v2\/tags?post=1057"}],"curies":[{"name":"wp","href":"https:\/\/api.w.org\/{rel}","templated":true}]}}