{"id":1044,"date":"2021-01-21T20:24:50","date_gmt":"2021-01-21T19:24:50","guid":{"rendered":"http:\/\/afie-asso.fr\/?p=1044"},"modified":"2021-01-21T20:45:57","modified_gmt":"2021-01-21T19:45:57","slug":"lafie-au-vivantjeudi-du-cibi-sur-la-connaissance-biodiversite-en-ville","status":"publish","type":"post","link":"https:\/\/afie-asso.fr\/index.php\/2021\/01\/21\/lafie-au-vivantjeudi-du-cibi-sur-la-connaissance-biodiversite-en-ville\/","title":{"rendered":"L&rsquo;AFIE au Vivant&rsquo;Jeudi du CIBI sur \u00ab\u00a0Connaissons-nous la biodiversit\u00e9 en ville avant d\u2019am\u00e9nager ?\u00a0\u00bb"},"content":{"rendered":"\n<p>L&rsquo;AFIE est intervenue au 1er Vivant&rsquo;jeudi de 2021 du <strong><a href=\"http:\/\/cibi-biodivercity.com\/\">CIBI <\/a><\/strong>(Conseil International Biodiversit\u00e9 &amp; Immobilier) sur le sujet \u00ab\u00a0<strong>Connaissons-nous la biodiversit\u00e9 en ville avant d\u2019am\u00e9nager ?<\/strong>\u00a0\u00bb le 21\/01\/2021.<\/p>\n\n\n\n<p>Nous avons pu rappeler que la <strong>connaissance biodiversit\u00e9 <\/strong>est la base de tout travail d&rsquo;analyse des enjeux, des impacts, mais aussi une vraie opportunit\u00e9 d&rsquo;innover en mati\u00e8re de conception et de sensibiliser les acteurs de l&rsquo;am\u00e9nagement au-del\u00e0 des questions r\u00e9glementaires !<\/p>\n\n\n\n<div class=\"wp-block-group\"><div class=\"wp-block-group__inner-container is-layout-flow wp-block-group-is-layout-flow\">\n<p>Cet \u00e9v\u00e8nement a \u00e9t\u00e9 l&rsquo;occasion pour le groupe de travail (dont l&rsquo;un de nos membres fait partie) \u00ab&nbsp;<strong>Qualit\u00e9 des inventaires et des \u00e9tudes urbaines d\u2019\u00e9cologue non r\u00e8glementaires<\/strong>&nbsp;\u00bb de restituer son travail, dans le cadre de l&rsquo;am\u00e9lioration notamment du label BiodiverCity\u00ae, pour :<\/p>\n\n\n\n<ul class=\"wp-block-list\"><li>\u00c9mettre des prescriptions pour harmoniser la qualit\u00e9 du travail des ing\u00e9nieurs \u00e9cologues<\/li><li>Trouver des leviers pour rendre les rapports plus attractifs<\/li><li>D\u00e9finir une grille de caract\u00e9risation des habitats urbains.<\/li><\/ul>\n<\/div><\/div>\n\n\n\n<p>Une \u00e9tude tr\u00e8s int\u00e9ressante et qui m\u00e9rite d&rsquo;\u00eatre poursuivie pour toujours mieux travailler \u00e0 <strong>co-construire la ville de demain<\/strong> AVEC la biodiversit\u00e9 et les \u00e9cologues.<\/p>\n","protected":false},"excerpt":{"rendered":"<p>L&rsquo;AFIE est intervenue au 1er Vivant&rsquo;jeudi de 2021 du CIBI (Conseil International Biodiversit\u00e9 &amp; Immobilier) sur le sujet \u00ab\u00a0Connaissons-nous la biodiversit\u00e9 en ville avant d\u2019am\u00e9nager ?\u00a0\u00bb le 21\/01\/2021. Nous avons pu rappeler que la connaissance biodiversit\u00e9 est la base de tout travail d&rsquo;analyse des enjeux, des impacts, mais aussi une vraie opportunit\u00e9 d&rsquo;innover en mati\u00e8re [&hellip;]<\/p>\n","protected":false},"author":6,"featured_media":1045,"comment_status":"open","ping_status":"open","sticky":false,"template":"","format":"standard","meta":{"footnotes":""},"categories":[20],"tags":[],"class_list":["post-1044","post","type-post","status-publish","format-standard","has-post-thumbnail","hentry","category-afie_y_etait"],"yoast_head":"<!-- This site is optimized with the Yoast SEO plugin v27.4 - https:\/\/yoast.com\/product\/yoast-seo-wordpress\/ -->\n<title>L&#039;AFIE au Vivant&#039;Jeudi du CIBI sur &quot;Connaissons-nous la biodiversit\u00e9 en ville avant d\u2019am\u00e9nager ?&quot; - AFIE<\/title>\n<meta name=\"robots\" content=\"index, follow, max-snippet:-1, max-image-preview:large, max-video-preview:-1\" \/>\n<link rel=\"canonical\" href=\"https:\/\/afie-asso.fr\/index.php\/2021\/01\/21\/lafie-au-vivantjeudi-du-cibi-sur-la-connaissance-biodiversite-en-ville\/\" \/>\n<meta property=\"og:locale\" content=\"fr_FR\" \/>\n<meta property=\"og:type\" content=\"article\" \/>\n<meta property=\"og:title\" content=\"L&#039;AFIE au Vivant&#039;Jeudi du CIBI sur &quot;Connaissons-nous la biodiversit\u00e9 en ville avant d\u2019am\u00e9nager ?&quot; - AFIE\" \/>\n<meta property=\"og:description\" content=\"L&rsquo;AFIE est intervenue au 1er Vivant&rsquo;jeudi de 2021 du CIBI (Conseil International Biodiversit\u00e9 &amp; Immobilier) sur le sujet \u00ab\u00a0Connaissons-nous la biodiversit\u00e9 en ville avant d\u2019am\u00e9nager ?\u00a0\u00bb le 21\/01\/2021. Nous avons pu rappeler que la connaissance biodiversit\u00e9 est la base de tout travail d&rsquo;analyse des enjeux, des impacts, mais aussi une vraie opportunit\u00e9 d&rsquo;innover en mati\u00e8re [&hellip;]\" \/>\n<meta property=\"og:url\" content=\"https:\/\/afie-asso.fr\/index.php\/2021\/01\/21\/lafie-au-vivantjeudi-du-cibi-sur-la-connaissance-biodiversite-en-ville\/\" \/>\n<meta property=\"og:site_name\" content=\"AFIE\" \/>\n<meta property=\"article:published_time\" content=\"2021-01-21T19:24:50+00:00\" \/>\n<meta property=\"article:modified_time\" content=\"2021-01-21T19:45:57+00:00\" \/>\n<meta property=\"og:image\" content=\"https:\/\/afie-asso.fr\/wp-content\/uploads\/2021\/01\/cibi.png\" \/>\n\t<meta property=\"og:image:width\" content=\"360\" \/>\n\t<meta property=\"og:image:height\" content=\"133\" \/>\n\t<meta property=\"og:image:type\" content=\"image\/png\" \/>\n<meta name=\"author\" content=\"Blanche GOMEZ\" \/>\n<meta name=\"twitter:card\" content=\"summary_large_image\" \/>\n<meta name=\"twitter:label1\" content=\"\u00c9crit par\" \/>\n\t<meta name=\"twitter:data1\" content=\"Blanche GOMEZ\" \/>\n\t<meta name=\"twitter:label2\" content=\"Dur\u00e9e de lecture estim\u00e9e\" \/>\n\t<meta name=\"twitter:data2\" content=\"1 minute\" \/>\n<script type=\"application\/ld+json\" class=\"yoast-schema-graph\">{\"@context\":\"https:\\\/\\\/schema.org\",\"@graph\":[{\"@type\":\"Article\",\"@id\":\"https:\\\/\\\/afie-asso.fr\\\/index.php\\\/2021\\\/01\\\/21\\\/lafie-au-vivantjeudi-du-cibi-sur-la-connaissance-biodiversite-en-ville\\\/#article\",\"isPartOf\":{\"@id\":\"https:\\\/\\\/afie-asso.fr\\\/index.php\\\/2021\\\/01\\\/21\\\/lafie-au-vivantjeudi-du-cibi-sur-la-connaissance-biodiversite-en-ville\\\/\"},\"author\":{\"name\":\"Blanche GOMEZ\",\"@id\":\"https:\\\/\\\/afie-asso.fr\\\/#\\\/schema\\\/person\\\/b891fe5a7e475c1b01891fe6258c6dd4\"},\"headline\":\"L&rsquo;AFIE au Vivant&rsquo;Jeudi du CIBI sur \u00ab\u00a0Connaissons-nous la biodiversit\u00e9 en ville avant d\u2019am\u00e9nager ?\u00a0\u00bb\",\"datePublished\":\"2021-01-21T19:24:50+00:00\",\"dateModified\":\"2021-01-21T19:45:57+00:00\",\"mainEntityOfPage\":{\"@id\":\"https:\\\/\\\/afie-asso.fr\\\/index.php\\\/2021\\\/01\\\/21\\\/lafie-au-vivantjeudi-du-cibi-sur-la-connaissance-biodiversite-en-ville\\\/\"},\"wordCount\":202,\"commentCount\":0,\"publisher\":{\"@id\":\"https:\\\/\\\/afie-asso.fr\\\/#organization\"},\"image\":{\"@id\":\"https:\\\/\\\/afie-asso.fr\\\/index.php\\\/2021\\\/01\\\/21\\\/lafie-au-vivantjeudi-du-cibi-sur-la-connaissance-biodiversite-en-ville\\\/#primaryimage\"},\"thumbnailUrl\":\"https:\\\/\\\/afie-asso.fr\\\/wp-content\\\/uploads\\\/2021\\\/01\\\/cibi.png\",\"articleSection\":[\"AFIE_y_etait\"],\"inLanguage\":\"fr-FR\",\"potentialAction\":[{\"@type\":\"CommentAction\",\"name\":\"Comment\",\"target\":[\"https:\\\/\\\/afie-asso.fr\\\/index.php\\\/2021\\\/01\\\/21\\\/lafie-au-vivantjeudi-du-cibi-sur-la-connaissance-biodiversite-en-ville\\\/#respond\"]}]},{\"@type\":\"WebPage\",\"@id\":\"https:\\\/\\\/afie-asso.fr\\\/index.php\\\/2021\\\/01\\\/21\\\/lafie-au-vivantjeudi-du-cibi-sur-la-connaissance-biodiversite-en-ville\\\/\",\"url\":\"https:\\\/\\\/afie-asso.fr\\\/index.php\\\/2021\\\/01\\\/21\\\/lafie-au-vivantjeudi-du-cibi-sur-la-connaissance-biodiversite-en-ville\\\/\",\"name\":\"L'AFIE au Vivant'Jeudi du CIBI sur \\\"Connaissons-nous la biodiversit\u00e9 en ville avant d\u2019am\u00e9nager ?\\\" - AFIE\",\"isPartOf\":{\"@id\":\"https:\\\/\\\/afie-asso.fr\\\/#website\"},\"primaryImageOfPage\":{\"@id\":\"https:\\\/\\\/afie-asso.fr\\\/index.php\\\/2021\\\/01\\\/21\\\/lafie-au-vivantjeudi-du-cibi-sur-la-connaissance-biodiversite-en-ville\\\/#primaryimage\"},\"image\":{\"@id\":\"https:\\\/\\\/afie-asso.fr\\\/index.php\\\/2021\\\/01\\\/21\\\/lafie-au-vivantjeudi-du-cibi-sur-la-connaissance-biodiversite-en-ville\\\/#primaryimage\"},\"thumbnailUrl\":\"https:\\\/\\\/afie-asso.fr\\\/wp-content\\\/uploads\\\/2021\\\/01\\\/cibi.png\",\"datePublished\":\"2021-01-21T19:24:50+00:00\",\"dateModified\":\"2021-01-21T19:45:57+00:00\",\"breadcrumb\":{\"@id\":\"https:\\\/\\\/afie-asso.fr\\\/index.php\\\/2021\\\/01\\\/21\\\/lafie-au-vivantjeudi-du-cibi-sur-la-connaissance-biodiversite-en-ville\\\/#breadcrumb\"},\"inLanguage\":\"fr-FR\",\"potentialAction\":[{\"@type\":\"ReadAction\",\"target\":[\"https:\\\/\\\/afie-asso.fr\\\/index.php\\\/2021\\\/01\\\/21\\\/lafie-au-vivantjeudi-du-cibi-sur-la-connaissance-biodiversite-en-ville\\\/\"]}]},{\"@type\":\"ImageObject\",\"inLanguage\":\"fr-FR\",\"@id\":\"https:\\\/\\\/afie-asso.fr\\\/index.php\\\/2021\\\/01\\\/21\\\/lafie-au-vivantjeudi-du-cibi-sur-la-connaissance-biodiversite-en-ville\\\/#primaryimage\",\"url\":\"https:\\\/\\\/afie-asso.fr\\\/wp-content\\\/uploads\\\/2021\\\/01\\\/cibi.png\",\"contentUrl\":\"https:\\\/\\\/afie-asso.fr\\\/wp-content\\\/uploads\\\/2021\\\/01\\\/cibi.png\",\"width\":360,\"height\":133},{\"@type\":\"BreadcrumbList\",\"@id\":\"https:\\\/\\\/afie-asso.fr\\\/index.php\\\/2021\\\/01\\\/21\\\/lafie-au-vivantjeudi-du-cibi-sur-la-connaissance-biodiversite-en-ville\\\/#breadcrumb\",\"itemListElement\":[{\"@type\":\"ListItem\",\"position\":1,\"name\":\"Accueil\",\"item\":\"https:\\\/\\\/afie-asso.fr\\\/\"},{\"@type\":\"ListItem\",\"position\":2,\"name\":\"L&rsquo;AFIE au Vivant&rsquo;Jeudi du CIBI sur \u00ab\u00a0Connaissons-nous la biodiversit\u00e9 en ville avant d\u2019am\u00e9nager ?\u00a0\u00bb\"}]},{\"@type\":\"WebSite\",\"@id\":\"https:\\\/\\\/afie-asso.fr\\\/#website\",\"url\":\"https:\\\/\\\/afie-asso.fr\\\/\",\"name\":\"AFIE\",\"description\":\"Association Fran\u00e7aise Interprofessionnelle des Ecologues\",\"publisher\":{\"@id\":\"https:\\\/\\\/afie-asso.fr\\\/#organization\"},\"potentialAction\":[{\"@type\":\"SearchAction\",\"target\":{\"@type\":\"EntryPoint\",\"urlTemplate\":\"https:\\\/\\\/afie-asso.fr\\\/?s={search_term_string}\"},\"query-input\":{\"@type\":\"PropertyValueSpecification\",\"valueRequired\":true,\"valueName\":\"search_term_string\"}}],\"inLanguage\":\"fr-FR\"},{\"@type\":\"Organization\",\"@id\":\"https:\\\/\\\/afie-asso.fr\\\/#organization\",\"name\":\"AFIE\",\"url\":\"https:\\\/\\\/afie-asso.fr\\\/\",\"logo\":{\"@type\":\"ImageObject\",\"inLanguage\":\"fr-FR\",\"@id\":\"https:\\\/\\\/afie-asso.fr\\\/#\\\/schema\\\/logo\\\/image\\\/\",\"url\":\"https:\\\/\\\/afie-asso.fr\\\/wp-content\\\/uploads\\\/2019\\\/05\\\/cropped-logo-AFIE-3.png\",\"contentUrl\":\"https:\\\/\\\/afie-asso.fr\\\/wp-content\\\/uploads\\\/2019\\\/05\\\/cropped-logo-AFIE-3.png\",\"width\":555,\"height\":459,\"caption\":\"AFIE\"},\"image\":{\"@id\":\"https:\\\/\\\/afie-asso.fr\\\/#\\\/schema\\\/logo\\\/image\\\/\"}},{\"@type\":\"Person\",\"@id\":\"https:\\\/\\\/afie-asso.fr\\\/#\\\/schema\\\/person\\\/b891fe5a7e475c1b01891fe6258c6dd4\",\"name\":\"Blanche GOMEZ\",\"image\":{\"@type\":\"ImageObject\",\"inLanguage\":\"fr-FR\",\"@id\":\"https:\\\/\\\/secure.gravatar.com\\\/avatar\\\/81075a8dc599a0b3da912d1722483ef9016b733634880c59ae6ed38bdfb6c0c8?s=96&d=mm&r=g\",\"url\":\"https:\\\/\\\/secure.gravatar.com\\\/avatar\\\/81075a8dc599a0b3da912d1722483ef9016b733634880c59ae6ed38bdfb6c0c8?s=96&d=mm&r=g\",\"contentUrl\":\"https:\\\/\\\/secure.gravatar.com\\\/avatar\\\/81075a8dc599a0b3da912d1722483ef9016b733634880c59ae6ed38bdfb6c0c8?s=96&d=mm&r=g\",\"caption\":\"Blanche GOMEZ\"},\"url\":\"https:\\\/\\\/afie-asso.fr\\\/index.php\\\/author\\\/blanche\\\/\"}]}<\/script>\n<!-- \/ Yoast SEO plugin. -->","yoast_head_json":{"title":"L'AFIE au Vivant'Jeudi du CIBI sur \"Connaissons-nous la biodiversit\u00e9 en ville avant d\u2019am\u00e9nager ?\" - AFIE","robots":{"index":"index","follow":"follow","max-snippet":"max-snippet:-1","max-image-preview":"max-image-preview:large","max-video-preview":"max-video-preview:-1"},"canonical":"https:\/\/afie-asso.fr\/index.php\/2021\/01\/21\/lafie-au-vivantjeudi-du-cibi-sur-la-connaissance-biodiversite-en-ville\/","og_locale":"fr_FR","og_type":"article","og_title":"L'AFIE au Vivant'Jeudi du CIBI sur \"Connaissons-nous la biodiversit\u00e9 en ville avant d\u2019am\u00e9nager ?\" - AFIE","og_description":"L&rsquo;AFIE est intervenue au 1er Vivant&rsquo;jeudi de 2021 du CIBI (Conseil International Biodiversit\u00e9 &amp; Immobilier) sur le sujet \u00ab\u00a0Connaissons-nous la biodiversit\u00e9 en ville avant d\u2019am\u00e9nager ?\u00a0\u00bb le 21\/01\/2021. Nous avons pu rappeler que la connaissance biodiversit\u00e9 est la base de tout travail d&rsquo;analyse des enjeux, des impacts, mais aussi une vraie opportunit\u00e9 d&rsquo;innover en mati\u00e8re [&hellip;]","og_url":"https:\/\/afie-asso.fr\/index.php\/2021\/01\/21\/lafie-au-vivantjeudi-du-cibi-sur-la-connaissance-biodiversite-en-ville\/","og_site_name":"AFIE","article_published_time":"2021-01-21T19:24:50+00:00","article_modified_time":"2021-01-21T19:45:57+00:00","og_image":[{"width":360,"height":133,"url":"https:\/\/afie-asso.fr\/wp-content\/uploads\/2021\/01\/cibi.png","type":"image\/png"}],"author":"Blanche GOMEZ","twitter_card":"summary_large_image","twitter_misc":{"\u00c9crit par":"Blanche GOMEZ","Dur\u00e9e de lecture estim\u00e9e":"1 minute"},"schema":{"@context":"https:\/\/schema.org","@graph":[{"@type":"Article","@id":"https:\/\/afie-asso.fr\/index.php\/2021\/01\/21\/lafie-au-vivantjeudi-du-cibi-sur-la-connaissance-biodiversite-en-ville\/#article","isPartOf":{"@id":"https:\/\/afie-asso.fr\/index.php\/2021\/01\/21\/lafie-au-vivantjeudi-du-cibi-sur-la-connaissance-biodiversite-en-ville\/"},"author":{"name":"Blanche GOMEZ","@id":"https:\/\/afie-asso.fr\/#\/schema\/person\/b891fe5a7e475c1b01891fe6258c6dd4"},"headline":"L&rsquo;AFIE au Vivant&rsquo;Jeudi du CIBI sur \u00ab\u00a0Connaissons-nous la biodiversit\u00e9 en ville avant d\u2019am\u00e9nager ?\u00a0\u00bb","datePublished":"2021-01-21T19:24:50+00:00","dateModified":"2021-01-21T19:45:57+00:00","mainEntityOfPage":{"@id":"https:\/\/afie-asso.fr\/index.php\/2021\/01\/21\/lafie-au-vivantjeudi-du-cibi-sur-la-connaissance-biodiversite-en-ville\/"},"wordCount":202,"commentCount":0,"publisher":{"@id":"https:\/\/afie-asso.fr\/#organization"},"image":{"@id":"https:\/\/afie-asso.fr\/index.php\/2021\/01\/21\/lafie-au-vivantjeudi-du-cibi-sur-la-connaissance-biodiversite-en-ville\/#primaryimage"},"thumbnailUrl":"https:\/\/afie-asso.fr\/wp-content\/uploads\/2021\/01\/cibi.png","articleSection":["AFIE_y_etait"],"inLanguage":"fr-FR","potentialAction":[{"@type":"CommentAction","name":"Comment","target":["https:\/\/afie-asso.fr\/index.php\/2021\/01\/21\/lafie-au-vivantjeudi-du-cibi-sur-la-connaissance-biodiversite-en-ville\/#respond"]}]},{"@type":"WebPage","@id":"https:\/\/afie-asso.fr\/index.php\/2021\/01\/21\/lafie-au-vivantjeudi-du-cibi-sur-la-connaissance-biodiversite-en-ville\/","url":"https:\/\/afie-asso.fr\/index.php\/2021\/01\/21\/lafie-au-vivantjeudi-du-cibi-sur-la-connaissance-biodiversite-en-ville\/","name":"L'AFIE au Vivant'Jeudi du CIBI sur \"Connaissons-nous la biodiversit\u00e9 en ville avant d\u2019am\u00e9nager ?\" - AFIE","isPartOf":{"@id":"https:\/\/afie-asso.fr\/#website"},"primaryImageOfPage":{"@id":"https:\/\/afie-asso.fr\/index.php\/2021\/01\/21\/lafie-au-vivantjeudi-du-cibi-sur-la-connaissance-biodiversite-en-ville\/#primaryimage"},"image":{"@id":"https:\/\/afie-asso.fr\/index.php\/2021\/01\/21\/lafie-au-vivantjeudi-du-cibi-sur-la-connaissance-biodiversite-en-ville\/#primaryimage"},"thumbnailUrl":"https:\/\/afie-asso.fr\/wp-content\/uploads\/2021\/01\/cibi.png","datePublished":"2021-01-21T19:24:50+00:00","dateModified":"2021-01-21T19:45:57+00:00","breadcrumb":{"@id":"https:\/\/afie-asso.fr\/index.php\/2021\/01\/21\/lafie-au-vivantjeudi-du-cibi-sur-la-connaissance-biodiversite-en-ville\/#breadcrumb"},"inLanguage":"fr-FR","potentialAction":[{"@type":"ReadAction","target":["https:\/\/afie-asso.fr\/index.php\/2021\/01\/21\/lafie-au-vivantjeudi-du-cibi-sur-la-connaissance-biodiversite-en-ville\/"]}]},{"@type":"ImageObject","inLanguage":"fr-FR","@id":"https:\/\/afie-asso.fr\/index.php\/2021\/01\/21\/lafie-au-vivantjeudi-du-cibi-sur-la-connaissance-biodiversite-en-ville\/#primaryimage","url":"https:\/\/afie-asso.fr\/wp-content\/uploads\/2021\/01\/cibi.png","contentUrl":"https:\/\/afie-asso.fr\/wp-content\/uploads\/2021\/01\/cibi.png","width":360,"height":133},{"@type":"BreadcrumbList","@id":"https:\/\/afie-asso.fr\/index.php\/2021\/01\/21\/lafie-au-vivantjeudi-du-cibi-sur-la-connaissance-biodiversite-en-ville\/#breadcrumb","itemListElement":[{"@type":"ListItem","position":1,"name":"Accueil","item":"https:\/\/afie-asso.fr\/"},{"@type":"ListItem","position":2,"name":"L&rsquo;AFIE au Vivant&rsquo;Jeudi du CIBI sur \u00ab\u00a0Connaissons-nous la biodiversit\u00e9 en ville avant d\u2019am\u00e9nager ?\u00a0\u00bb"}]},{"@type":"WebSite","@id":"https:\/\/afie-asso.fr\/#website","url":"https:\/\/afie-asso.fr\/","name":"AFIE","description":"Association Fran\u00e7aise Interprofessionnelle des Ecologues","publisher":{"@id":"https:\/\/afie-asso.fr\/#organization"},"potentialAction":[{"@type":"SearchAction","target":{"@type":"EntryPoint","urlTemplate":"https:\/\/afie-asso.fr\/?s={search_term_string}"},"query-input":{"@type":"PropertyValueSpecification","valueRequired":true,"valueName":"search_term_string"}}],"inLanguage":"fr-FR"},{"@type":"Organization","@id":"https:\/\/afie-asso.fr\/#organization","name":"AFIE","url":"https:\/\/afie-asso.fr\/","logo":{"@type":"ImageObject","inLanguage":"fr-FR","@id":"https:\/\/afie-asso.fr\/#\/schema\/logo\/image\/","url":"https:\/\/afie-asso.fr\/wp-content\/uploads\/2019\/05\/cropped-logo-AFIE-3.png","contentUrl":"https:\/\/afie-asso.fr\/wp-content\/uploads\/2019\/05\/cropped-logo-AFIE-3.png","width":555,"height":459,"caption":"AFIE"},"image":{"@id":"https:\/\/afie-asso.fr\/#\/schema\/logo\/image\/"}},{"@type":"Person","@id":"https:\/\/afie-asso.fr\/#\/schema\/person\/b891fe5a7e475c1b01891fe6258c6dd4","name":"Blanche GOMEZ","image":{"@type":"ImageObject","inLanguage":"fr-FR","@id":"https:\/\/secure.gravatar.com\/avatar\/81075a8dc599a0b3da912d1722483ef9016b733634880c59ae6ed38bdfb6c0c8?s=96&d=mm&r=g","url":"https:\/\/secure.gravatar.com\/avatar\/81075a8dc599a0b3da912d1722483ef9016b733634880c59ae6ed38bdfb6c0c8?s=96&d=mm&r=g","contentUrl":"https:\/\/secure.gravatar.com\/avatar\/81075a8dc599a0b3da912d1722483ef9016b733634880c59ae6ed38bdfb6c0c8?s=96&d=mm&r=g","caption":"Blanche GOMEZ"},"url":"https:\/\/afie-asso.fr\/index.php\/author\/blanche\/"}]}},"rttpg_featured_image_url":{"full":["https:\/\/afie-asso.fr\/wp-content\/uploads\/2021\/01\/cibi.png",360,133,false],"landscape":["https:\/\/afie-asso.fr\/wp-content\/uploads\/2021\/01\/cibi.png",360,133,false],"portraits":["https:\/\/afie-asso.fr\/wp-content\/uploads\/2021\/01\/cibi.png",360,133,false],"thumbnail":["https:\/\/afie-asso.fr\/wp-content\/uploads\/2021\/01\/cibi-150x133.png",150,133,true],"medium":["https:\/\/afie-asso.fr\/wp-content\/uploads\/2021\/01\/cibi-300x111.png",300,111,true],"large":["https:\/\/afie-asso.fr\/wp-content\/uploads\/2021\/01\/cibi.png",360,133,false],"1536x1536":["https:\/\/afie-asso.fr\/wp-content\/uploads\/2021\/01\/cibi.png",360,133,false],"2048x2048":["https:\/\/afie-asso.fr\/wp-content\/uploads\/2021\/01\/cibi.png",360,133,false]},"rttpg_author":{"display_name":"Blanche GOMEZ","author_link":"https:\/\/afie-asso.fr\/index.php\/author\/blanche\/"},"rttpg_comment":0,"rttpg_category":"<a href=\"https:\/\/afie-asso.fr\/index.php\/category\/afie_y_etait\/\" rel=\"category tag\">AFIE_y_etait<\/a>","rttpg_excerpt":"L&rsquo;AFIE est intervenue au 1er Vivant&rsquo;jeudi de 2021 du CIBI (Conseil International Biodiversit\u00e9 &amp; Immobilier) sur le sujet \u00ab\u00a0Connaissons-nous la biodiversit\u00e9 en ville avant d\u2019am\u00e9nager ?\u00a0\u00bb le 21\/01\/2021. Nous avons pu rappeler que la connaissance biodiversit\u00e9 est la base de tout travail d&rsquo;analyse des enjeux, des impacts, mais aussi une vraie opportunit\u00e9 d&rsquo;innover en mati\u00e8re\u2026","_links":{"self":[{"href":"https:\/\/afie-asso.fr\/index.php\/wp-json\/wp\/v2\/posts\/1044","targetHints":{"allow":["GET"]}}],"collection":[{"href":"https:\/\/afie-asso.fr\/index.php\/wp-json\/wp\/v2\/posts"}],"about":[{"href":"https:\/\/afie-asso.fr\/index.php\/wp-json\/wp\/v2\/types\/post"}],"author":[{"embeddable":true,"href":"https:\/\/afie-asso.fr\/index.php\/wp-json\/wp\/v2\/users\/6"}],"replies":[{"embeddable":true,"href":"https:\/\/afie-asso.fr\/index.php\/wp-json\/wp\/v2\/comments?post=1044"}],"version-history":[{"count":3,"href":"https:\/\/afie-asso.fr\/index.php\/wp-json\/wp\/v2\/posts\/1044\/revisions"}],"predecessor-version":[{"id":1048,"href":"https:\/\/afie-asso.fr\/index.php\/wp-json\/wp\/v2\/posts\/1044\/revisions\/1048"}],"wp:featuredmedia":[{"embeddable":true,"href":"https:\/\/afie-asso.fr\/index.php\/wp-json\/wp\/v2\/media\/1045"}],"wp:attachment":[{"href":"https:\/\/afie-asso.fr\/index.php\/wp-json\/wp\/v2\/media?parent=1044"}],"wp:term":[{"taxonomy":"category","embeddable":true,"href":"https:\/\/afie-asso.fr\/index.php\/wp-json\/wp\/v2\/categories?post=1044"},{"taxonomy":"post_tag","embeddable":true,"href":"https:\/\/afie-asso.fr\/index.php\/wp-json\/wp\/v2\/tags?post=1044"}],"curies":[{"name":"wp","href":"https:\/\/api.w.org\/{rel}","templated":true}]}}